{"id":883,"date":"2009-03-23T20:22:11","date_gmt":"2009-03-23T19:22:11","guid":{"rendered":"http:\/\/www.johannamortberg.se\/blogg\/?p=883"},"modified":"2009-03-23T22:53:08","modified_gmt":"2009-03-23T21:53:08","slug":"vintern-aterkom","status":"publish","type":"post","link":"http:\/\/johannamortberg.se\/blogg\/2009\/03\/23\/vintern-aterkom\/","title":{"rendered":"Vintern \u00e5terkom"},"content":{"rendered":"<p><a href=\"http:\/\/www.johannamortberg.se\/blogg\/files\/2009\/03\/20090323_kl0709w.jpg\"><img loading=\"lazy\" decoding=\"async\" class=\"alignnone size-medium wp-image-884\" title=\"20090323_kl0709w\" src=\"http:\/\/www.johannamortberg.se\/blogg\/files\/2009\/03\/20090323_kl0709w-300x200.jpg\" alt=\"\" width=\"300\" height=\"200\" \/><\/a>M\u00e5ndag igen och tillbaka p\u00e5 jobbet. Det var ett intressant uppvaknande,  i g\u00e5r kv\u00e4ll b\u00f6rjade det sn\u00f6a, lite s\u00e5 d\u00e4r f\u00f6rsiktigt men grinigt. Jag trodde inte alls att det skulle bli n\u00e5got av sn\u00f6n utan att den skulle sm\u00e4lta s\u00e5 fort den n\u00e5tt marken. Men icke. Sn\u00f6n blev kvar och duvparet som suttit och kuttrat utanf\u00f6r mitt f\u00f6nster i v\u00e5r pil s\u00e5g ganska ynkliga ut.<\/p>\n<p>Har duvorna hunnit l\u00e4gga \u00e4gg s\u00e5 har de nog blivit frusna omeletter nu, f\u00f6r det har varit under noll p\u00e5 natten och det var inte m\u00e5nga plusgrader ens p\u00e5 morgonkvisten. N\u00e5, duvorna kommer nog igen, jag tror att det kan vara samma par som h\u00e4ckat h\u00e4r ett par \u00e5r i rad. Men v\u00e4dret \u00e4r lurigt trots att det inte blivit april \u00e4n, i l\u00f6rdags var det str\u00e5lande sol och \u00e4ven i s\u00f6ndags var det fint trots att det var r\u00e4tt kallt. F\u00f6r min del fick det g\u00e4rna sn\u00f6a lite till, jag vill \u00e5ka l\u00e4ngdskidor. Det h\u00f6r till s\u00e5 h\u00e4r p\u00e5 v\u00e5rkanten.<\/p>\n","protected":false},"excerpt":{"rendered":"<p>M\u00e5ndag igen och tillbaka p\u00e5 jobbet. Det var ett intressant uppvaknande, i g\u00e5r kv\u00e4ll b\u00f6rjade det sn\u00f6a, lite s\u00e5 d\u00e4r f\u00f6rsiktigt men grinigt. Jag trodde inte alls att det skulle bli n\u00e5got av sn\u00f6n utan att den skulle sm\u00e4lta s\u00e5 fort den n\u00e5tt marken. Men icke. Sn\u00f6n blev kvar och duvparet som suttit och kuttrat [&hellip;]<\/p>\n","protected":false},"author":1,"featured_media":0,"comment_status":"open","ping_status":"open","sticky":false,"template":"","format":"standard","meta":{"ngg_post_thumbnail":0,"footnotes":""},"categories":[60],"tags":[306,305],"class_list":["post-883","post","type-post","status-publish","format-standard","hentry","category-jobb","tag-duvor","tag-vinter"],"_links":{"self":[{"href":"http:\/\/johannamortberg.se\/blogg\/wp-json\/wp\/v2\/posts\/883","targetHints":{"allow":["GET"]}}],"collection":[{"href":"http:\/\/johannamortberg.se\/blogg\/wp-json\/wp\/v2\/posts"}],"about":[{"href":"http:\/\/johannamortberg.se\/blogg\/wp-json\/wp\/v2\/types\/post"}],"author":[{"embeddable":true,"href":"http:\/\/johannamortberg.se\/blogg\/wp-json\/wp\/v2\/users\/1"}],"replies":[{"embeddable":true,"href":"http:\/\/johannamortberg.se\/blogg\/wp-json\/wp\/v2\/comments?post=883"}],"version-history":[{"count":4,"href":"http:\/\/johannamortberg.se\/blogg\/wp-json\/wp\/v2\/posts\/883\/revisions"}],"predecessor-version":[{"id":889,"href":"http:\/\/johannamortberg.se\/blogg\/wp-json\/wp\/v2\/posts\/883\/revisions\/889"}],"wp:attachment":[{"href":"http:\/\/johannamortberg.se\/blogg\/wp-json\/wp\/v2\/media?parent=883"}],"wp:term":[{"taxonomy":"category","embeddable":true,"href":"http:\/\/johannamortberg.se\/blogg\/wp-json\/wp\/v2\/categories?post=883"},{"taxonomy":"post_tag","embeddable":true,"href":"http:\/\/johannamortberg.se\/blogg\/wp-json\/wp\/v2\/tags?post=883"}],"curies":[{"name":"wp","href":"https:\/\/api.w.org\/{rel}","templated":true}]}}