{"id":8357,"date":"2019-11-20T10:00:45","date_gmt":"2019-11-20T09:00:45","guid":{"rendered":"http:\/\/johannamortberg.se\/blogg\/?p=8357"},"modified":"2019-10-27T12:54:58","modified_gmt":"2019-10-27T11:54:58","slug":"hal-pa-rad","status":"publish","type":"post","link":"http:\/\/johannamortberg.se\/blogg\/2019\/11\/20\/hal-pa-rad\/","title":{"rendered":"H\u00e5l p\u00e5 rad"},"content":{"rendered":"<div id=\"attachment_8358\" style=\"width: 310px\" class=\"wp-caption alignleft\"><a href=\"http:\/\/johannamortberg.se\/blogg\/files\/2019\/10\/20191120_100daysofsocks_day81_1080x1080.jpg\"><img loading=\"lazy\" decoding=\"async\" aria-describedby=\"caption-attachment-8358\" class=\"size-medium wp-image-8358\" src=\"http:\/\/johannamortberg.se\/blogg\/files\/2019\/10\/20191120_100daysofsocks_day81_1080x1080-300x300.jpg\" alt=\"\" width=\"300\" height=\"300\" srcset=\"http:\/\/johannamortberg.se\/blogg\/files\/2019\/10\/20191120_100daysofsocks_day81_1080x1080-300x300.jpg 300w, http:\/\/johannamortberg.se\/blogg\/files\/2019\/10\/20191120_100daysofsocks_day81_1080x1080-150x150.jpg 150w, http:\/\/johannamortberg.se\/blogg\/files\/2019\/10\/20191120_100daysofsocks_day81_1080x1080-768x768.jpg 768w, http:\/\/johannamortberg.se\/blogg\/files\/2019\/10\/20191120_100daysofsocks_day81_1080x1080-1024x1024.jpg 1024w, http:\/\/johannamortberg.se\/blogg\/files\/2019\/10\/20191120_100daysofsocks_day81_1080x1080-144x144.jpg 144w, http:\/\/johannamortberg.se\/blogg\/files\/2019\/10\/20191120_100daysofsocks_day81_1080x1080-619x619.jpg 619w, http:\/\/johannamortberg.se\/blogg\/files\/2019\/10\/20191120_100daysofsocks_day81_1080x1080.jpg 1080w\" sizes=\"auto, (max-width: 300px) 100vw, 300px\" \/><\/a><p id=\"caption-attachment-8358\" class=\"wp-caption-text\">Finm\u00f6nstrat.<\/p><\/div>\n<p>Dag 81 av fotoprojektet 100 days of socks. \u00c4nnu ett par sockor fr\u00e5n Claes G\u00f6ran. H\u00e5lm\u00f6nster kan se ut p\u00e5 s\u00e5 m\u00e5nga s\u00e4tt. H\u00e4r ett i raka rader. Fint.<\/p>\n","protected":false},"excerpt":{"rendered":"<p>Dag 81 av fotoprojektet 100 days of socks. \u00c4nnu ett par sockor fr\u00e5n Claes G\u00f6ran. H\u00e5lm\u00f6nster kan se ut p\u00e5 s\u00e5 m\u00e5nga s\u00e4tt. H\u00e4r ett i raka rader. Fint.<\/p>\n","protected":false},"author":1,"featured_media":0,"comment_status":"open","ping_status":"open","sticky":false,"template":"","format":"standard","meta":{"ngg_post_thumbnail":0,"footnotes":""},"categories":[26,1294],"tags":[1295,1334,1333,1096,607],"class_list":["post-8357","post","type-post","status-publish","format-standard","hentry","category-fotografering","category-fotoprojekt","tag-100daysofsocks","tag-bondelid","tag-claes-goran","tag-nikon-d700","tag-sockor"],"_links":{"self":[{"href":"http:\/\/johannamortberg.se\/blogg\/wp-json\/wp\/v2\/posts\/8357","targetHints":{"allow":["GET"]}}],"collection":[{"href":"http:\/\/johannamortberg.se\/blogg\/wp-json\/wp\/v2\/posts"}],"about":[{"href":"http:\/\/johannamortberg.se\/blogg\/wp-json\/wp\/v2\/types\/post"}],"author":[{"embeddable":true,"href":"http:\/\/johannamortberg.se\/blogg\/wp-json\/wp\/v2\/users\/1"}],"replies":[{"embeddable":true,"href":"http:\/\/johannamortberg.se\/blogg\/wp-json\/wp\/v2\/comments?post=8357"}],"version-history":[{"count":1,"href":"http:\/\/johannamortberg.se\/blogg\/wp-json\/wp\/v2\/posts\/8357\/revisions"}],"predecessor-version":[{"id":8359,"href":"http:\/\/johannamortberg.se\/blogg\/wp-json\/wp\/v2\/posts\/8357\/revisions\/8359"}],"wp:attachment":[{"href":"http:\/\/johannamortberg.se\/blogg\/wp-json\/wp\/v2\/media?parent=8357"}],"wp:term":[{"taxonomy":"category","embeddable":true,"href":"http:\/\/johannamortberg.se\/blogg\/wp-json\/wp\/v2\/categories?post=8357"},{"taxonomy":"post_tag","embeddable":true,"href":"http:\/\/johannamortberg.se\/blogg\/wp-json\/wp\/v2\/tags?post=8357"}],"curies":[{"name":"wp","href":"https:\/\/api.w.org\/{rel}","templated":true}]}}