{"id":8330,"date":"2019-11-12T10:00:32","date_gmt":"2019-11-12T09:00:32","guid":{"rendered":"http:\/\/johannamortberg.se\/blogg\/?p=8330"},"modified":"2019-10-20T11:18:35","modified_gmt":"2019-10-20T09:18:35","slug":"ventilerat","status":"publish","type":"post","link":"http:\/\/johannamortberg.se\/blogg\/2019\/11\/12\/ventilerat\/","title":{"rendered":"Ventilerat"},"content":{"rendered":"<div id=\"attachment_8331\" style=\"width: 310px\" class=\"wp-caption alignleft\"><a href=\"http:\/\/johannamortberg.se\/blogg\/files\/2019\/10\/20191112_100daysofsocks_day73_1080x1080.jpg\"><img loading=\"lazy\" decoding=\"async\" aria-describedby=\"caption-attachment-8331\" class=\"size-medium wp-image-8331\" src=\"http:\/\/johannamortberg.se\/blogg\/files\/2019\/10\/20191112_100daysofsocks_day73_1080x1080-300x300.jpg\" alt=\"\" width=\"300\" height=\"300\" srcset=\"http:\/\/johannamortberg.se\/blogg\/files\/2019\/10\/20191112_100daysofsocks_day73_1080x1080-300x300.jpg 300w, http:\/\/johannamortberg.se\/blogg\/files\/2019\/10\/20191112_100daysofsocks_day73_1080x1080-150x150.jpg 150w, http:\/\/johannamortberg.se\/blogg\/files\/2019\/10\/20191112_100daysofsocks_day73_1080x1080-768x768.jpg 768w, http:\/\/johannamortberg.se\/blogg\/files\/2019\/10\/20191112_100daysofsocks_day73_1080x1080-1024x1024.jpg 1024w, http:\/\/johannamortberg.se\/blogg\/files\/2019\/10\/20191112_100daysofsocks_day73_1080x1080-144x144.jpg 144w, http:\/\/johannamortberg.se\/blogg\/files\/2019\/10\/20191112_100daysofsocks_day73_1080x1080-619x619.jpg 619w, http:\/\/johannamortberg.se\/blogg\/files\/2019\/10\/20191112_100daysofsocks_day73_1080x1080.jpg 1080w\" sizes=\"auto, (max-width: 300px) 100vw, 300px\" \/><\/a><p id=\"caption-attachment-8331\" class=\"wp-caption-text\">Inbyggd ventilation.<\/p><\/div>\n<p>Dag 73 av fotoprojektet 100 days of socks. H\u00e5l kan ocks\u00e5 vara m\u00f6nster. Lite sp\u00e4nnande att se hur de h\u00e4r h\u00e5ller sig i tv\u00e4tten, men de \u00e4r v\u00e4ldigt fina. Stiliga.<\/p>\n","protected":false},"excerpt":{"rendered":"<p>Dag 73 av fotoprojektet 100 days of socks. H\u00e5l kan ocks\u00e5 vara m\u00f6nster. Lite sp\u00e4nnande att se hur de h\u00e4r h\u00e5ller sig i tv\u00e4tten, men de \u00e4r v\u00e4ldigt fina. Stiliga.<\/p>\n","protected":false},"author":1,"featured_media":0,"comment_status":"open","ping_status":"open","sticky":false,"template":"","format":"standard","meta":{"ngg_post_thumbnail":0,"footnotes":""},"categories":[26,1294],"tags":[1295,1334,1333,1096,607],"class_list":["post-8330","post","type-post","status-publish","format-standard","hentry","category-fotografering","category-fotoprojekt","tag-100daysofsocks","tag-bondelid","tag-claes-goran","tag-nikon-d700","tag-sockor"],"_links":{"self":[{"href":"http:\/\/johannamortberg.se\/blogg\/wp-json\/wp\/v2\/posts\/8330","targetHints":{"allow":["GET"]}}],"collection":[{"href":"http:\/\/johannamortberg.se\/blogg\/wp-json\/wp\/v2\/posts"}],"about":[{"href":"http:\/\/johannamortberg.se\/blogg\/wp-json\/wp\/v2\/types\/post"}],"author":[{"embeddable":true,"href":"http:\/\/johannamortberg.se\/blogg\/wp-json\/wp\/v2\/users\/1"}],"replies":[{"embeddable":true,"href":"http:\/\/johannamortberg.se\/blogg\/wp-json\/wp\/v2\/comments?post=8330"}],"version-history":[{"count":1,"href":"http:\/\/johannamortberg.se\/blogg\/wp-json\/wp\/v2\/posts\/8330\/revisions"}],"predecessor-version":[{"id":8332,"href":"http:\/\/johannamortberg.se\/blogg\/wp-json\/wp\/v2\/posts\/8330\/revisions\/8332"}],"wp:attachment":[{"href":"http:\/\/johannamortberg.se\/blogg\/wp-json\/wp\/v2\/media?parent=8330"}],"wp:term":[{"taxonomy":"category","embeddable":true,"href":"http:\/\/johannamortberg.se\/blogg\/wp-json\/wp\/v2\/categories?post=8330"},{"taxonomy":"post_tag","embeddable":true,"href":"http:\/\/johannamortberg.se\/blogg\/wp-json\/wp\/v2\/tags?post=8330"}],"curies":[{"name":"wp","href":"https:\/\/api.w.org\/{rel}","templated":true}]}}