{"id":8188,"date":"2019-09-26T10:00:41","date_gmt":"2019-09-26T08:00:41","guid":{"rendered":"http:\/\/johannamortberg.se\/blogg\/?p=8188"},"modified":"2019-09-17T16:01:29","modified_gmt":"2019-09-17T14:01:29","slug":"lite-mer-jaffa","status":"publish","type":"post","link":"http:\/\/johannamortberg.se\/blogg\/2019\/09\/26\/lite-mer-jaffa\/","title":{"rendered":"Lite mer Jaffa!"},"content":{"rendered":"<div id=\"attachment_8189\" style=\"width: 310px\" class=\"wp-caption alignleft\"><a href=\"http:\/\/johannamortberg.se\/blogg\/files\/2019\/09\/20190926_100daysofsocks_day26_1080x1080.jpg\"><img loading=\"lazy\" decoding=\"async\" aria-describedby=\"caption-attachment-8189\" class=\"size-medium wp-image-8189\" src=\"http:\/\/johannamortberg.se\/blogg\/files\/2019\/09\/20190926_100daysofsocks_day26_1080x1080-300x300.jpg\" alt=\"\" width=\"300\" height=\"300\" srcset=\"http:\/\/johannamortberg.se\/blogg\/files\/2019\/09\/20190926_100daysofsocks_day26_1080x1080-300x300.jpg 300w, http:\/\/johannamortberg.se\/blogg\/files\/2019\/09\/20190926_100daysofsocks_day26_1080x1080-150x150.jpg 150w, http:\/\/johannamortberg.se\/blogg\/files\/2019\/09\/20190926_100daysofsocks_day26_1080x1080-768x767.jpg 768w, http:\/\/johannamortberg.se\/blogg\/files\/2019\/09\/20190926_100daysofsocks_day26_1080x1080-1024x1024.jpg 1024w, http:\/\/johannamortberg.se\/blogg\/files\/2019\/09\/20190926_100daysofsocks_day26_1080x1080-144x144.jpg 144w, http:\/\/johannamortberg.se\/blogg\/files\/2019\/09\/20190926_100daysofsocks_day26_1080x1080-619x618.jpg 619w, http:\/\/johannamortberg.se\/blogg\/files\/2019\/09\/20190926_100daysofsocks_day26_1080x1080.jpg 1080w\" sizes=\"auto, (max-width: 300px) 100vw, 300px\" \/><\/a><p id=\"caption-attachment-8189\" class=\"wp-caption-text\">Min favorit var Jaffa blodapelsin.<\/p><\/div>\n<p>Dag 26 av fotoprojektet 100 days of socks. I dag f\u00e5r det bli ett par svarta sockor. Jag har inte s\u00e5 m\u00e5nga svarta par, mest f\u00f6r att jag tycker att svart \u00e4r en ganska tr\u00e5kig f\u00e4rg. Den \u00e4r ju s\u00e5 &#8230; svart &#8230; Men har man ett par svarta sockor s\u00e5 f\u00e5r man ju fotografera dem mot en livlig bakgrund. I detta fallet v\u00e5rt Jaffadraperi. Klassisk finsk l\u00e4skedryck och ett klassiskt motiv av Erik Bruun. S\u00e5 retro och s\u00e5 snyggt.<\/p>\n","protected":false},"excerpt":{"rendered":"<p>Dag 26 av fotoprojektet 100 days of socks. I dag f\u00e5r det bli ett par svarta sockor. Jag har inte s\u00e5 m\u00e5nga svarta par, mest f\u00f6r att jag tycker att svart \u00e4r en ganska tr\u00e5kig f\u00e4rg. Den \u00e4r ju s\u00e5 &#8230; svart &#8230; Men har man ett par svarta sockor s\u00e5 f\u00e5r man ju fotografera [&hellip;]<\/p>\n","protected":false},"author":1,"featured_media":0,"comment_status":"open","ping_status":"open","sticky":false,"template":"","format":"standard","meta":{"ngg_post_thumbnail":0,"footnotes":""},"categories":[26,1294],"tags":[1295,1317,1316,1315,1096,607],"class_list":["post-8188","post","type-post","status-publish","format-standard","hentry","category-fotografering","category-fotoprojekt","tag-100daysofsocks","tag-erik-bruun","tag-hartwall","tag-jaffa","tag-nikon-d700","tag-sockor"],"_links":{"self":[{"href":"http:\/\/johannamortberg.se\/blogg\/wp-json\/wp\/v2\/posts\/8188","targetHints":{"allow":["GET"]}}],"collection":[{"href":"http:\/\/johannamortberg.se\/blogg\/wp-json\/wp\/v2\/posts"}],"about":[{"href":"http:\/\/johannamortberg.se\/blogg\/wp-json\/wp\/v2\/types\/post"}],"author":[{"embeddable":true,"href":"http:\/\/johannamortberg.se\/blogg\/wp-json\/wp\/v2\/users\/1"}],"replies":[{"embeddable":true,"href":"http:\/\/johannamortberg.se\/blogg\/wp-json\/wp\/v2\/comments?post=8188"}],"version-history":[{"count":1,"href":"http:\/\/johannamortberg.se\/blogg\/wp-json\/wp\/v2\/posts\/8188\/revisions"}],"predecessor-version":[{"id":8190,"href":"http:\/\/johannamortberg.se\/blogg\/wp-json\/wp\/v2\/posts\/8188\/revisions\/8190"}],"wp:attachment":[{"href":"http:\/\/johannamortberg.se\/blogg\/wp-json\/wp\/v2\/media?parent=8188"}],"wp:term":[{"taxonomy":"category","embeddable":true,"href":"http:\/\/johannamortberg.se\/blogg\/wp-json\/wp\/v2\/categories?post=8188"},{"taxonomy":"post_tag","embeddable":true,"href":"http:\/\/johannamortberg.se\/blogg\/wp-json\/wp\/v2\/tags?post=8188"}],"curies":[{"name":"wp","href":"https:\/\/api.w.org\/{rel}","templated":true}]}}