{"id":8182,"date":"2019-09-24T10:00:09","date_gmt":"2019-09-24T08:00:09","guid":{"rendered":"http:\/\/johannamortberg.se\/blogg\/?p=8182"},"modified":"2019-09-17T15:43:38","modified_gmt":"2019-09-17T13:43:38","slug":"kort-och-randigt","status":"publish","type":"post","link":"http:\/\/johannamortberg.se\/blogg\/2019\/09\/24\/kort-och-randigt\/","title":{"rendered":"Kort och randigt"},"content":{"rendered":"<div id=\"attachment_8183\" style=\"width: 310px\" class=\"wp-caption alignleft\"><a href=\"http:\/\/johannamortberg.se\/blogg\/files\/2019\/09\/20190924_100daysofsocks_day24_1080x1080.jpg\"><img loading=\"lazy\" decoding=\"async\" aria-describedby=\"caption-attachment-8183\" class=\"size-medium wp-image-8183\" src=\"http:\/\/johannamortberg.se\/blogg\/files\/2019\/09\/20190924_100daysofsocks_day24_1080x1080-300x300.jpg\" alt=\"\" width=\"300\" height=\"300\" srcset=\"http:\/\/johannamortberg.se\/blogg\/files\/2019\/09\/20190924_100daysofsocks_day24_1080x1080-300x300.jpg 300w, http:\/\/johannamortberg.se\/blogg\/files\/2019\/09\/20190924_100daysofsocks_day24_1080x1080-150x150.jpg 150w, http:\/\/johannamortberg.se\/blogg\/files\/2019\/09\/20190924_100daysofsocks_day24_1080x1080-768x768.jpg 768w, http:\/\/johannamortberg.se\/blogg\/files\/2019\/09\/20190924_100daysofsocks_day24_1080x1080-1024x1024.jpg 1024w, http:\/\/johannamortberg.se\/blogg\/files\/2019\/09\/20190924_100daysofsocks_day24_1080x1080-144x144.jpg 144w, http:\/\/johannamortberg.se\/blogg\/files\/2019\/09\/20190924_100daysofsocks_day24_1080x1080-619x619.jpg 619w, http:\/\/johannamortberg.se\/blogg\/files\/2019\/09\/20190924_100daysofsocks_day24_1080x1080.jpg 1080w\" sizes=\"auto, (max-width: 300px) 100vw, 300px\" \/><\/a><p id=\"caption-attachment-8183\" class=\"wp-caption-text\">G\u00e4ller att hitta en snygg bakgrund.<\/p><\/div>\n<p>Dag 24 av fotoprojektet 100 days of socks. Jag har inte s\u00e5 m\u00e5nga par l\u00e5ga sockor. Jag \u00e4r inte helt bekv\u00e4m med kortheten, vill hellre att sockan ska vara l\u00e4ngre s\u00e5 man inte beh\u00f6ver frysa om anklarna. Men de h\u00e4r tycker jag \u00e4r ganska fina. Borde nog ha dem lite oftare bara.<\/p>\n","protected":false},"excerpt":{"rendered":"<p>Dag 24 av fotoprojektet 100 days of socks. Jag har inte s\u00e5 m\u00e5nga par l\u00e5ga sockor. Jag \u00e4r inte helt bekv\u00e4m med kortheten, vill hellre att sockan ska vara l\u00e4ngre s\u00e5 man inte beh\u00f6ver frysa om anklarna. Men de h\u00e4r tycker jag \u00e4r ganska fina. Borde nog ha dem lite oftare bara.<\/p>\n","protected":false},"author":1,"featured_media":0,"comment_status":"open","ping_status":"open","sticky":false,"template":"","format":"standard","meta":{"ngg_post_thumbnail":0,"footnotes":""},"categories":[26,1294],"tags":[1295,1296,1096,607],"class_list":["post-8182","post","type-post","status-publish","format-standard","hentry","category-fotografering","category-fotoprojekt","tag-100daysofsocks","tag-happy-socks","tag-nikon-d700","tag-sockor"],"_links":{"self":[{"href":"http:\/\/johannamortberg.se\/blogg\/wp-json\/wp\/v2\/posts\/8182","targetHints":{"allow":["GET"]}}],"collection":[{"href":"http:\/\/johannamortberg.se\/blogg\/wp-json\/wp\/v2\/posts"}],"about":[{"href":"http:\/\/johannamortberg.se\/blogg\/wp-json\/wp\/v2\/types\/post"}],"author":[{"embeddable":true,"href":"http:\/\/johannamortberg.se\/blogg\/wp-json\/wp\/v2\/users\/1"}],"replies":[{"embeddable":true,"href":"http:\/\/johannamortberg.se\/blogg\/wp-json\/wp\/v2\/comments?post=8182"}],"version-history":[{"count":1,"href":"http:\/\/johannamortberg.se\/blogg\/wp-json\/wp\/v2\/posts\/8182\/revisions"}],"predecessor-version":[{"id":8184,"href":"http:\/\/johannamortberg.se\/blogg\/wp-json\/wp\/v2\/posts\/8182\/revisions\/8184"}],"wp:attachment":[{"href":"http:\/\/johannamortberg.se\/blogg\/wp-json\/wp\/v2\/media?parent=8182"}],"wp:term":[{"taxonomy":"category","embeddable":true,"href":"http:\/\/johannamortberg.se\/blogg\/wp-json\/wp\/v2\/categories?post=8182"},{"taxonomy":"post_tag","embeddable":true,"href":"http:\/\/johannamortberg.se\/blogg\/wp-json\/wp\/v2\/tags?post=8182"}],"curies":[{"name":"wp","href":"https:\/\/api.w.org\/{rel}","templated":true}]}}