{"id":813,"date":"2009-03-11T19:37:46","date_gmt":"2009-03-11T18:37:46","guid":{"rendered":"http:\/\/www.johannamortberg.se\/blogg\/?p=813"},"modified":"2010-07-16T14:02:58","modified_gmt":"2010-07-16T12:02:58","slug":"forkylt","status":"publish","type":"post","link":"http:\/\/johannamortberg.se\/blogg\/2009\/03\/11\/forkylt\/","title":{"rendered":"F\u00f6rkylt"},"content":{"rendered":"<p><a href=\"http:\/\/www.johannamortberg.se\/blogg\/files\/2009\/03\/20090311_kl2031w.jpg\"><img loading=\"lazy\" decoding=\"async\" class=\"alignnone size-medium wp-image-816\" title=\"20090311_kl2031w\" src=\"http:\/\/www.johannamortberg.se\/blogg\/files\/2009\/03\/20090311_kl2031w-300x200.jpg\" alt=\"\" width=\"300\" height=\"200\" \/><\/a><\/p>\n<p>Idag var det tillbaka till jobbet igen. Jag har en begynnande f\u00f6rkylning i kroppen och det k\u00e4nns inte alls roligt. Det blev en ganska l\u00e5ng och slitig dag, vi g\u00f6r tidning igen och var v\u00e4l inte helt p\u00e5 banan, men efter idogt redigerande har vi v\u00e4l hankat oss tillbaka till tryggheten igen.<\/p>\n<p>Jag satt p\u00e5 jobbet till 19 och sen var jag helt matt n\u00e4r jag v\u00e4l kom hem. Inga starka bildid\u00e9er utan snarare lite &#8221;ynkportr\u00e4tt&#8221; blev resultatet av denna dag.<\/p>\n<p>En uppiggande detalj f\u00f6r tr\u00f6tta sinnen \u00e4r att tulpanerna blommar fortfarande. Jag passade s\u00e5 klart p\u00e5 att ta en bild till. De \u00e4r oemotst\u00e5ndliga. \ud83d\ude00 Man blir verkligen upplivad av dem.<\/p>\n<p><a href=\"http:\/\/www.johannamortberg.se\/blogg\/files\/2009\/03\/20090311_kl2011w.jpg\"><img loading=\"lazy\" decoding=\"async\" class=\"alignnone size-medium wp-image-815\" title=\"20090311_kl2011w\" src=\"http:\/\/www.johannamortberg.se\/blogg\/files\/2009\/03\/20090311_kl2011w-300x200.jpg\" alt=\"\" width=\"300\" height=\"200\" \/><\/a><\/p>\n","protected":false},"excerpt":{"rendered":"<p>Idag var det tillbaka till jobbet igen. Jag har en begynnande f\u00f6rkylning i kroppen och det k\u00e4nns inte alls roligt. Det blev en ganska l\u00e5ng och slitig dag, vi g\u00f6r tidning igen och var v\u00e4l inte helt p\u00e5 banan, men efter idogt redigerande har vi v\u00e4l hankat oss tillbaka till tryggheten igen. Jag satt p\u00e5 [&hellip;]<\/p>\n","protected":false},"author":1,"featured_media":0,"comment_status":"open","ping_status":"open","sticky":false,"template":"","format":"standard","meta":{"ngg_post_thumbnail":0,"footnotes":""},"categories":[60],"tags":[286],"class_list":["post-813","post","type-post","status-publish","format-standard","hentry","category-jobb","tag-forkyld"],"_links":{"self":[{"href":"http:\/\/johannamortberg.se\/blogg\/wp-json\/wp\/v2\/posts\/813","targetHints":{"allow":["GET"]}}],"collection":[{"href":"http:\/\/johannamortberg.se\/blogg\/wp-json\/wp\/v2\/posts"}],"about":[{"href":"http:\/\/johannamortberg.se\/blogg\/wp-json\/wp\/v2\/types\/post"}],"author":[{"embeddable":true,"href":"http:\/\/johannamortberg.se\/blogg\/wp-json\/wp\/v2\/users\/1"}],"replies":[{"embeddable":true,"href":"http:\/\/johannamortberg.se\/blogg\/wp-json\/wp\/v2\/comments?post=813"}],"version-history":[{"count":8,"href":"http:\/\/johannamortberg.se\/blogg\/wp-json\/wp\/v2\/posts\/813\/revisions"}],"predecessor-version":[{"id":3293,"href":"http:\/\/johannamortberg.se\/blogg\/wp-json\/wp\/v2\/posts\/813\/revisions\/3293"}],"wp:attachment":[{"href":"http:\/\/johannamortberg.se\/blogg\/wp-json\/wp\/v2\/media?parent=813"}],"wp:term":[{"taxonomy":"category","embeddable":true,"href":"http:\/\/johannamortberg.se\/blogg\/wp-json\/wp\/v2\/categories?post=813"},{"taxonomy":"post_tag","embeddable":true,"href":"http:\/\/johannamortberg.se\/blogg\/wp-json\/wp\/v2\/tags?post=813"}],"curies":[{"name":"wp","href":"https:\/\/api.w.org\/{rel}","templated":true}]}}