{"id":783,"date":"2009-03-06T20:14:24","date_gmt":"2009-03-06T19:14:24","guid":{"rendered":"http:\/\/www.johannamortberg.se\/blogg\/?p=783"},"modified":"2009-03-07T20:21:54","modified_gmt":"2009-03-07T19:21:54","slug":"festligt","status":"publish","type":"post","link":"http:\/\/johannamortberg.se\/blogg\/2009\/03\/06\/festligt\/","title":{"rendered":"Festligt"},"content":{"rendered":"<p><a href=\"http:\/\/www.johannamortberg.se\/blogg\/files\/2009\/03\/20090306_kl1753w.jpg\"><img loading=\"lazy\" decoding=\"async\" class=\"alignnone size-medium wp-image-785\" title=\"20090306_kl1753w\" src=\"http:\/\/www.johannamortberg.se\/blogg\/files\/2009\/03\/20090306_kl1753w-107x300.jpg\" alt=\"\" width=\"107\" height=\"300\" \/><\/a><\/p>\n<p>Idag har jobbet rullat p\u00e5 som vanligt, det har varit mycket att g\u00f6ra. Tyv\u00e4rr blev det en hel del problem p\u00e5 eftermiddagen d\u00e5 kontakten med n\u00e4tet uppf\u00f6rde eftersom en fiberkabel hos v\u00e5r n\u00e4tleverant\u00f6r hade pajat. Man m\u00e4rker verkligen hur beroende man \u00e4r av internet nu f\u00f6r tiden, det gick ju knappt att jobba eftersom man inte kom \u00e5t vare sig e-post eller webbplatser. Pl\u00f6tsligt blev det v\u00e4ldigt sv\u00e5rt att kolla vissa faktadetaljer och allt k\u00e4ndes v\u00e4ldigt omst\u00e4ndligt.<\/p>\n<p>Till sist gav jag upp och gick hem och webbade i st\u00e4llet f\u00f6r att slippa trasslet. Eftersom v\u00e5rt f\u00f6retag dessutom ordnade stor galafest p\u00e5 den f\u00f6re detta biografen Astoria p\u00e5 Nybrogatan var det lite br\u00e5ttom&#8230; Men jag hann i alla fall g\u00f6ra mig fin, men jag hade s\u00e5 br\u00e5ttom att jag gl\u00f6mde ta med mig kameran till festen trots att jag lagt fram den. S\u00e5 snopet&#8230;<\/p>\n<p>Partyt var roligt, konferencieren bra, maten god och prisutdelningen skoj att titta p\u00e5. Kort sagt, det blev en bra kv\u00e4ll!<\/p>\n","protected":false},"excerpt":{"rendered":"<p>Idag har jobbet rullat p\u00e5 som vanligt, det har varit mycket att g\u00f6ra. Tyv\u00e4rr blev det en hel del problem p\u00e5 eftermiddagen d\u00e5 kontakten med n\u00e4tet uppf\u00f6rde eftersom en fiberkabel hos v\u00e5r n\u00e4tleverant\u00f6r hade pajat. Man m\u00e4rker verkligen hur beroende man \u00e4r av internet nu f\u00f6r tiden, det gick ju knappt att jobba eftersom man [&hellip;]<\/p>\n","protected":false},"author":1,"featured_media":0,"comment_status":"open","ping_status":"open","sticky":false,"template":"","format":"standard","meta":{"ngg_post_thumbnail":0,"footnotes":""},"categories":[60],"tags":[279],"class_list":["post-783","post","type-post","status-publish","format-standard","hentry","category-jobb","tag-fest"],"_links":{"self":[{"href":"http:\/\/johannamortberg.se\/blogg\/wp-json\/wp\/v2\/posts\/783","targetHints":{"allow":["GET"]}}],"collection":[{"href":"http:\/\/johannamortberg.se\/blogg\/wp-json\/wp\/v2\/posts"}],"about":[{"href":"http:\/\/johannamortberg.se\/blogg\/wp-json\/wp\/v2\/types\/post"}],"author":[{"embeddable":true,"href":"http:\/\/johannamortberg.se\/blogg\/wp-json\/wp\/v2\/users\/1"}],"replies":[{"embeddable":true,"href":"http:\/\/johannamortberg.se\/blogg\/wp-json\/wp\/v2\/comments?post=783"}],"version-history":[{"count":4,"href":"http:\/\/johannamortberg.se\/blogg\/wp-json\/wp\/v2\/posts\/783\/revisions"}],"predecessor-version":[{"id":788,"href":"http:\/\/johannamortberg.se\/blogg\/wp-json\/wp\/v2\/posts\/783\/revisions\/788"}],"wp:attachment":[{"href":"http:\/\/johannamortberg.se\/blogg\/wp-json\/wp\/v2\/media?parent=783"}],"wp:term":[{"taxonomy":"category","embeddable":true,"href":"http:\/\/johannamortberg.se\/blogg\/wp-json\/wp\/v2\/categories?post=783"},{"taxonomy":"post_tag","embeddable":true,"href":"http:\/\/johannamortberg.se\/blogg\/wp-json\/wp\/v2\/tags?post=783"}],"curies":[{"name":"wp","href":"https:\/\/api.w.org\/{rel}","templated":true}]}}