{"id":7692,"date":"2018-03-23T10:00:54","date_gmt":"2018-03-23T09:00:54","guid":{"rendered":"http:\/\/johannamortberg.se\/blogg\/?p=7692"},"modified":"2018-03-21T16:19:01","modified_gmt":"2018-03-21T15:19:01","slug":"ljusturkos","status":"publish","type":"post","link":"http:\/\/johannamortberg.se\/blogg\/2018\/03\/23\/ljusturkos\/","title":{"rendered":"Ljusturkos"},"content":{"rendered":"<div id=\"attachment_7693\" style=\"width: 160px\" class=\"wp-caption alignleft\"><a href=\"http:\/\/johannamortberg.se\/blogg\/files\/2018\/03\/7afef7.jpg\"><img loading=\"lazy\" decoding=\"async\" aria-describedby=\"caption-attachment-7693\" class=\"size-thumbnail wp-image-7693\" src=\"http:\/\/johannamortberg.se\/blogg\/files\/2018\/03\/7afef7-150x150.jpg\" alt=\"Dagens f\u00e4rg, blekturkosa 7afef7.\" width=\"150\" height=\"150\" srcset=\"http:\/\/johannamortberg.se\/blogg\/files\/2018\/03\/7afef7-150x150.jpg 150w, http:\/\/johannamortberg.se\/blogg\/files\/2018\/03\/7afef7-144x144.jpg 144w, http:\/\/johannamortberg.se\/blogg\/files\/2018\/03\/7afef7.jpg 300w\" sizes=\"auto, (max-width: 150px) 100vw, 150px\" \/><\/a><p id=\"caption-attachment-7693\" class=\"wp-caption-text\">Dagens f\u00e4rg, blekturkosa 7afef7.<\/p><\/div>\n<p>I dag slumpade jag fram nyansen 7afef7. En mycket ljus turkos f\u00e4rg. Blek men \u00e4nd\u00e5 klar. Jag pl\u00e5tade ett par olika motiv, men det blev trots allt den h\u00e4r bilden som jag gillade b\u00e4st.<\/p>\n<div id=\"attachment_7694\" style=\"width: 210px\" class=\"wp-caption alignleft\"><a href=\"http:\/\/johannamortberg.se\/blogg\/files\/2018\/03\/20180323_7afef7_dag23_1w.jpg\"><img loading=\"lazy\" decoding=\"async\" aria-describedby=\"caption-attachment-7694\" class=\"size-medium wp-image-7694\" src=\"http:\/\/johannamortberg.se\/blogg\/files\/2018\/03\/20180323_7afef7_dag23_1w-200x300.jpg\" alt=\"V\u00e5ra handdukar matchade ganska bra. \" width=\"200\" height=\"300\" srcset=\"http:\/\/johannamortberg.se\/blogg\/files\/2018\/03\/20180323_7afef7_dag23_1w-200x300.jpg 200w, http:\/\/johannamortberg.se\/blogg\/files\/2018\/03\/20180323_7afef7_dag23_1w.jpg 399w\" sizes=\"auto, (max-width: 200px) 100vw, 200px\" \/><\/a><p id=\"caption-attachment-7694\" class=\"wp-caption-text\">V\u00e5ra handdukar matchade ganska bra.<\/p><\/div>\n","protected":false},"excerpt":{"rendered":"<p>I dag slumpade jag fram nyansen 7afef7. En mycket ljus turkos f\u00e4rg. Blek men \u00e4nd\u00e5 klar. Jag pl\u00e5tade ett par olika motiv, men det blev trots allt den h\u00e4r bilden som jag gillade b\u00e4st.<\/p>\n","protected":false},"author":1,"featured_media":0,"comment_status":"open","ping_status":"open","sticky":false,"template":"","format":"standard","meta":{"ngg_post_thumbnail":0,"footnotes":""},"categories":[26],"tags":[1084,1119,1085,491],"class_list":["post-7692","post","type-post","status-publish","format-standard","hentry","category-fotografering","tag-100daysofrandomcolor","tag-7afef7","tag-fargfoto","tag-fotoprojekt"],"_links":{"self":[{"href":"http:\/\/johannamortberg.se\/blogg\/wp-json\/wp\/v2\/posts\/7692","targetHints":{"allow":["GET"]}}],"collection":[{"href":"http:\/\/johannamortberg.se\/blogg\/wp-json\/wp\/v2\/posts"}],"about":[{"href":"http:\/\/johannamortberg.se\/blogg\/wp-json\/wp\/v2\/types\/post"}],"author":[{"embeddable":true,"href":"http:\/\/johannamortberg.se\/blogg\/wp-json\/wp\/v2\/users\/1"}],"replies":[{"embeddable":true,"href":"http:\/\/johannamortberg.se\/blogg\/wp-json\/wp\/v2\/comments?post=7692"}],"version-history":[{"count":1,"href":"http:\/\/johannamortberg.se\/blogg\/wp-json\/wp\/v2\/posts\/7692\/revisions"}],"predecessor-version":[{"id":7695,"href":"http:\/\/johannamortberg.se\/blogg\/wp-json\/wp\/v2\/posts\/7692\/revisions\/7695"}],"wp:attachment":[{"href":"http:\/\/johannamortberg.se\/blogg\/wp-json\/wp\/v2\/media?parent=7692"}],"wp:term":[{"taxonomy":"category","embeddable":true,"href":"http:\/\/johannamortberg.se\/blogg\/wp-json\/wp\/v2\/categories?post=7692"},{"taxonomy":"post_tag","embeddable":true,"href":"http:\/\/johannamortberg.se\/blogg\/wp-json\/wp\/v2\/tags?post=7692"}],"curies":[{"name":"wp","href":"https:\/\/api.w.org\/{rel}","templated":true}]}}