{"id":6547,"date":"2015-05-31T09:00:56","date_gmt":"2015-05-31T07:00:56","guid":{"rendered":"http:\/\/johannamortberg.se\/blogg\/?p=6547"},"modified":"2015-06-07T18:21:50","modified_gmt":"2015-06-07T16:21:50","slug":"tv","status":"publish","type":"post","link":"http:\/\/johannamortberg.se\/blogg\/2015\/05\/31\/tv\/","title":{"rendered":"Tv"},"content":{"rendered":"<p><a href=\"http:\/\/johannamortberg.se\/blogg\/files\/2015\/06\/20150531_tvw.jpg\"><img loading=\"lazy\" decoding=\"async\" class=\"alignleft size-medium wp-image-6548\" src=\"http:\/\/johannamortberg.se\/blogg\/files\/2015\/06\/20150531_tvw-300x206.jpg\" alt=\"20150531_tvw\" width=\"300\" height=\"206\" srcset=\"http:\/\/johannamortberg.se\/blogg\/files\/2015\/06\/20150531_tvw-300x206.jpg 300w, http:\/\/johannamortberg.se\/blogg\/files\/2015\/06\/20150531_tvw.jpg 582w\" sizes=\"auto, (max-width: 300px) 100vw, 300px\" \/><\/a>I dag var fototemat tv. Sv\u00e5rt. Trots att vi har en BO (en tjock-tv dessutom) s\u00e5 \u00e4r den inte s\u00e4rskilt fotogenique. Det \u00e4r ju mest en ful svart klump. Jag har fotograferat fj\u00e4rrkontrollen som \u00e4r desto finare flera g\u00e5nger. S\u00e5 det kunde jag inte g\u00f6ra igen. Tur d\u00e5 att man har en briljant make som ger en goda id\u00e9er.<\/p>\n<p>Jag (gr\u00e5tf\u00e4rdig): \u201dJag ska pl\u00e5ta ordet tv, men det g\u00e5r ju inte, det blir ju bara en svart klump&#8230;\u201d<\/p>\n<p>Maken: \u201dD\u00e5 g\u00f6r du s\u00e5 h\u00e4r, d\u00e5 pl\u00e5tar du min lilla pillerburk.\u201d<\/p>\n<p>Jag (fortfarande gr\u00e5tf\u00e4rdig): \u201dMen vad har den med tv att g\u00f6ra? Det g\u00e5r v\u00e4l inte?\u201d<\/p>\n<p>Maken: \u201dJoho d\u00e5! Det \u00e4r ju testbilden p\u00e5 den!\u201d<\/p>\n<p>Jag (inte alls gr\u00e5tf\u00e4rdig): \u201d\u00c5h! Det \u00e4r ju genialt!\u201d<\/p>\n<p>S\u00e5 tack vare makens fina lilla burk blir det nu den fullkomliga urbilden f\u00f6r tv. Testbilden. Analogt var allt b\u00e4ttre&#8230;<\/p>\n","protected":false},"excerpt":{"rendered":"<p>I dag var fototemat tv. Sv\u00e5rt. Trots att vi har en BO (en tjock-tv dessutom) s\u00e5 \u00e4r den inte s\u00e4rskilt fotogenique. Det \u00e4r ju mest en ful svart klump. Jag har fotograferat fj\u00e4rrkontrollen som \u00e4r desto finare flera g\u00e5nger. S\u00e5 det kunde jag inte g\u00f6ra igen. Tur d\u00e5 att man har en briljant make som [&hellip;]<\/p>\n","protected":false},"author":1,"featured_media":0,"comment_status":"open","ping_status":"open","sticky":false,"template":"","format":"standard","meta":{"ngg_post_thumbnail":0,"footnotes":""},"categories":[1],"tags":[],"class_list":["post-6547","post","type-post","status-publish","format-standard","hentry","category-uncategorized"],"_links":{"self":[{"href":"http:\/\/johannamortberg.se\/blogg\/wp-json\/wp\/v2\/posts\/6547","targetHints":{"allow":["GET"]}}],"collection":[{"href":"http:\/\/johannamortberg.se\/blogg\/wp-json\/wp\/v2\/posts"}],"about":[{"href":"http:\/\/johannamortberg.se\/blogg\/wp-json\/wp\/v2\/types\/post"}],"author":[{"embeddable":true,"href":"http:\/\/johannamortberg.se\/blogg\/wp-json\/wp\/v2\/users\/1"}],"replies":[{"embeddable":true,"href":"http:\/\/johannamortberg.se\/blogg\/wp-json\/wp\/v2\/comments?post=6547"}],"version-history":[{"count":2,"href":"http:\/\/johannamortberg.se\/blogg\/wp-json\/wp\/v2\/posts\/6547\/revisions"}],"predecessor-version":[{"id":6550,"href":"http:\/\/johannamortberg.se\/blogg\/wp-json\/wp\/v2\/posts\/6547\/revisions\/6550"}],"wp:attachment":[{"href":"http:\/\/johannamortberg.se\/blogg\/wp-json\/wp\/v2\/media?parent=6547"}],"wp:term":[{"taxonomy":"category","embeddable":true,"href":"http:\/\/johannamortberg.se\/blogg\/wp-json\/wp\/v2\/categories?post=6547"},{"taxonomy":"post_tag","embeddable":true,"href":"http:\/\/johannamortberg.se\/blogg\/wp-json\/wp\/v2\/tags?post=6547"}],"curies":[{"name":"wp","href":"https:\/\/api.w.org\/{rel}","templated":true}]}}