{"id":6389,"date":"2015-04-09T09:00:49","date_gmt":"2015-04-09T07:00:49","guid":{"rendered":"http:\/\/johannamortberg.se\/blogg\/?p=6389"},"modified":"2015-04-12T19:06:08","modified_gmt":"2015-04-12T17:06:08","slug":"dar-du-star","status":"publish","type":"post","link":"http:\/\/johannamortberg.se\/blogg\/2015\/04\/09\/dar-du-star\/","title":{"rendered":"D\u00e4r du st\u00e5r"},"content":{"rendered":"<p><a href=\"http:\/\/johannamortberg.se\/blogg\/files\/2015\/04\/20150409_dardustarw.jpg\"><img loading=\"lazy\" decoding=\"async\" class=\"alignleft size-medium wp-image-6390\" src=\"http:\/\/johannamortberg.se\/blogg\/files\/2015\/04\/20150409_dardustarw-300x300.jpg\" alt=\"20150409_dardustarw\" width=\"300\" height=\"300\" srcset=\"http:\/\/johannamortberg.se\/blogg\/files\/2015\/04\/20150409_dardustarw-300x300.jpg 300w, http:\/\/johannamortberg.se\/blogg\/files\/2015\/04\/20150409_dardustarw-150x150.jpg 150w, http:\/\/johannamortberg.se\/blogg\/files\/2015\/04\/20150409_dardustarw-144x144.jpg 144w, http:\/\/johannamortberg.se\/blogg\/files\/2015\/04\/20150409_dardustarw.jpg 400w\" sizes=\"auto, (max-width: 300px) 100vw, 300px\" \/><\/a>I dag var fototemat d\u00e4r du st\u00e5r. Det kan ju betyda vad som helst. Jag t\u00e4nkte p\u00e5 min stora f\u00f6rebild Lars Tunbj\u00f6rk och fotograferade en ful bild av mina f\u00f6tter och papperskorgen p\u00e5 jobbet. Med sp\u00e5ren av en latte och en liten fazerchokladbit som jag fikat upp efter lunchen. Det var ju pl\u00e5tat med mobilen och fick inte riktigt den d\u00e4r Tunbj\u00f6rkk\u00e4nslan jag ville \u00e5t, det hade jag beh\u00f6vt en b\u00e4ttre kamera f\u00f6r. Och egentligen lite mer tid f\u00f6r att finna motivet.<\/p>\n<p>Tv\u00e5 dagar senare, p\u00e5 l\u00f6rdagen den 11 april kom beskedet att Lars Tunbj\u00f6rk g\u00e5tt bort tidigare i veckan. Det gjorde mig v\u00e4ldigt ledsen. Hans bilder har betytt v\u00e4ldigt mycket f\u00f6r mig, med sitt m\u00f6rker, sin enslighet men samtidigt sin galna humor. Tokiga bilder av livet som n\u00e4stan verkar f\u00f6r knasiga. Men \u00e4nd\u00e5 \u00e4r det s\u00e5 det \u00e4r. Fulsnyggt och galet. Och i bland h\u00e4nder de mest ov\u00e4ntade saker. Det blir tomt utan Tunbj\u00f6rk. Men jag ska nog f\u00f6rs\u00f6ka att tunbj\u00f6rka lite sj\u00e4lv s\u00e5 snart som m\u00f6jligt. Ta bilder i hans anda. Och t\u00e4nka p\u00e5 en av Sveriges fr\u00e4msta fotografer.<\/p>\n","protected":false},"excerpt":{"rendered":"<p>I dag var fototemat d\u00e4r du st\u00e5r. Det kan ju betyda vad som helst. Jag t\u00e4nkte p\u00e5 min stora f\u00f6rebild Lars Tunbj\u00f6rk och fotograferade en ful bild av mina f\u00f6tter och papperskorgen p\u00e5 jobbet. Med sp\u00e5ren av en latte och en liten fazerchokladbit som jag fikat upp efter lunchen. Det var ju pl\u00e5tat med mobilen [&hellip;]<\/p>\n","protected":false},"author":1,"featured_media":0,"comment_status":"open","ping_status":"open","sticky":false,"template":"","format":"standard","meta":{"ngg_post_thumbnail":0,"footnotes":""},"categories":[1],"tags":[],"class_list":["post-6389","post","type-post","status-publish","format-standard","hentry","category-uncategorized"],"_links":{"self":[{"href":"http:\/\/johannamortberg.se\/blogg\/wp-json\/wp\/v2\/posts\/6389","targetHints":{"allow":["GET"]}}],"collection":[{"href":"http:\/\/johannamortberg.se\/blogg\/wp-json\/wp\/v2\/posts"}],"about":[{"href":"http:\/\/johannamortberg.se\/blogg\/wp-json\/wp\/v2\/types\/post"}],"author":[{"embeddable":true,"href":"http:\/\/johannamortberg.se\/blogg\/wp-json\/wp\/v2\/users\/1"}],"replies":[{"embeddable":true,"href":"http:\/\/johannamortberg.se\/blogg\/wp-json\/wp\/v2\/comments?post=6389"}],"version-history":[{"count":1,"href":"http:\/\/johannamortberg.se\/blogg\/wp-json\/wp\/v2\/posts\/6389\/revisions"}],"predecessor-version":[{"id":6391,"href":"http:\/\/johannamortberg.se\/blogg\/wp-json\/wp\/v2\/posts\/6389\/revisions\/6391"}],"wp:attachment":[{"href":"http:\/\/johannamortberg.se\/blogg\/wp-json\/wp\/v2\/media?parent=6389"}],"wp:term":[{"taxonomy":"category","embeddable":true,"href":"http:\/\/johannamortberg.se\/blogg\/wp-json\/wp\/v2\/categories?post=6389"},{"taxonomy":"post_tag","embeddable":true,"href":"http:\/\/johannamortberg.se\/blogg\/wp-json\/wp\/v2\/tags?post=6389"}],"curies":[{"name":"wp","href":"https:\/\/api.w.org\/{rel}","templated":true}]}}