{"id":6383,"date":"2015-04-05T09:00:40","date_gmt":"2015-04-05T07:00:40","guid":{"rendered":"http:\/\/johannamortberg.se\/blogg\/?p=6383"},"modified":"2015-04-12T18:55:51","modified_gmt":"2015-04-12T16:55:51","slug":"i-garaget","status":"publish","type":"post","link":"http:\/\/johannamortberg.se\/blogg\/2015\/04\/05\/i-garaget\/","title":{"rendered":"I garaget"},"content":{"rendered":"<p><a href=\"http:\/\/johannamortberg.se\/blogg\/files\/2015\/04\/20150405_igaragetw.jpg\"><img loading=\"lazy\" decoding=\"async\" class=\"alignleft size-medium wp-image-6384\" src=\"http:\/\/johannamortberg.se\/blogg\/files\/2015\/04\/20150405_igaragetw-300x200.jpg\" alt=\"20150405_igaragetw\" width=\"300\" height=\"200\" srcset=\"http:\/\/johannamortberg.se\/blogg\/files\/2015\/04\/20150405_igaragetw-300x200.jpg 300w, http:\/\/johannamortberg.se\/blogg\/files\/2015\/04\/20150405_igaragetw.jpg 600w\" sizes=\"auto, (max-width: 300px) 100vw, 300px\" \/><\/a>I dag var fototemat i garaget. Sv\u00e5rt. Mest f\u00f6r att vi inte har n\u00e5got garage. Okej, maken hyr ett h\u00f6rn i f\u00f6reningens milj\u00f6stuga f\u00f6r att f\u00f6rvara sin vespa, men det r\u00e4knas liksom inte riktigt som garage. Och n\u00e5gon bil har vi inte. Det \u00e4r klart att man kan leta upp ett vanligt p-garage och pl\u00e5ta i, men nu fick det bli en liten annan vinkel.<\/p>\n<p>Eftersom vi bor r\u00e4tt tr\u00e5ngt och det inte finns mycket till f\u00f6rr\u00e5d som tillh\u00f6r l\u00e4genheten och den cykeltokige maken \u00e4ger ett flertal cyklar och jag sj\u00e4lv har tv\u00e5, s\u00e5 har vi lite utrymmesproblem. En del av v\u00e5rt arbetsrum har d\u00e4rf\u00f6r blivit cykelgarage. Jag vet inte riktigt hur vi ska l\u00f6sa detta, men s\u00e5 \u00e4r l\u00e4get just nu i alla fall. S\u00e5 h\u00e4r ser det ut i v\u00e5rt \u201dgarage\u201d.<\/p>\n","protected":false},"excerpt":{"rendered":"<p>I dag var fototemat i garaget. Sv\u00e5rt. Mest f\u00f6r att vi inte har n\u00e5got garage. Okej, maken hyr ett h\u00f6rn i f\u00f6reningens milj\u00f6stuga f\u00f6r att f\u00f6rvara sin vespa, men det r\u00e4knas liksom inte riktigt som garage. Och n\u00e5gon bil har vi inte. Det \u00e4r klart att man kan leta upp ett vanligt p-garage och pl\u00e5ta [&hellip;]<\/p>\n","protected":false},"author":1,"featured_media":0,"comment_status":"open","ping_status":"open","sticky":false,"template":"","format":"standard","meta":{"ngg_post_thumbnail":0,"footnotes":""},"categories":[1],"tags":[],"class_list":["post-6383","post","type-post","status-publish","format-standard","hentry","category-uncategorized"],"_links":{"self":[{"href":"http:\/\/johannamortberg.se\/blogg\/wp-json\/wp\/v2\/posts\/6383","targetHints":{"allow":["GET"]}}],"collection":[{"href":"http:\/\/johannamortberg.se\/blogg\/wp-json\/wp\/v2\/posts"}],"about":[{"href":"http:\/\/johannamortberg.se\/blogg\/wp-json\/wp\/v2\/types\/post"}],"author":[{"embeddable":true,"href":"http:\/\/johannamortberg.se\/blogg\/wp-json\/wp\/v2\/users\/1"}],"replies":[{"embeddable":true,"href":"http:\/\/johannamortberg.se\/blogg\/wp-json\/wp\/v2\/comments?post=6383"}],"version-history":[{"count":1,"href":"http:\/\/johannamortberg.se\/blogg\/wp-json\/wp\/v2\/posts\/6383\/revisions"}],"predecessor-version":[{"id":6385,"href":"http:\/\/johannamortberg.se\/blogg\/wp-json\/wp\/v2\/posts\/6383\/revisions\/6385"}],"wp:attachment":[{"href":"http:\/\/johannamortberg.se\/blogg\/wp-json\/wp\/v2\/media?parent=6383"}],"wp:term":[{"taxonomy":"category","embeddable":true,"href":"http:\/\/johannamortberg.se\/blogg\/wp-json\/wp\/v2\/categories?post=6383"},{"taxonomy":"post_tag","embeddable":true,"href":"http:\/\/johannamortberg.se\/blogg\/wp-json\/wp\/v2\/tags?post=6383"}],"curies":[{"name":"wp","href":"https:\/\/api.w.org\/{rel}","templated":true}]}}