{"id":6368,"date":"2015-03-30T09:00:50","date_gmt":"2015-03-30T07:00:50","guid":{"rendered":"http:\/\/johannamortberg.se\/blogg\/?p=6368"},"modified":"2015-03-31T12:49:22","modified_gmt":"2015-03-31T10:49:22","slug":"fred","status":"publish","type":"post","link":"http:\/\/johannamortberg.se\/blogg\/2015\/03\/30\/fred\/","title":{"rendered":"Fred"},"content":{"rendered":"<p><a href=\"http:\/\/johannamortberg.se\/blogg\/files\/2015\/03\/20150330_fredw.jpg\"><img loading=\"lazy\" decoding=\"async\" class=\"alignleft size-medium wp-image-6369\" src=\"http:\/\/johannamortberg.se\/blogg\/files\/2015\/03\/20150330_fredw-300x199.jpg\" alt=\"20150330_fredw\" width=\"300\" height=\"199\" srcset=\"http:\/\/johannamortberg.se\/blogg\/files\/2015\/03\/20150330_fredw-300x199.jpg 300w, http:\/\/johannamortberg.se\/blogg\/files\/2015\/03\/20150330_fredw.jpg 600w\" sizes=\"auto, (max-width: 300px) 100vw, 300px\" \/><\/a>I dag var fototemat fred. Supersv\u00e5rt. Hur pl\u00e5tar man det utan att hamna i klicheer? Jag vet faktiskt inte. Jag valde att pl\u00e5ta makens basker. Han har ju gjort FN-tj\u00e4nst i Bosnien p\u00e5 1990-talet. Och de var ju d\u00e4r f\u00f6r att uppr\u00e4tth\u00e5lla freden som hade slutits d\u00e5. Det \u00e4r ingen bl\u00e5 basker, men \u00e4nd\u00e5. Jag valde att tona bilden i bl\u00e5tt, f\u00f6r det \u00e4r en lugn och harmonisk f\u00e4rg. Fredlig.<\/p>\n","protected":false},"excerpt":{"rendered":"<p>I dag var fototemat fred. Supersv\u00e5rt. Hur pl\u00e5tar man det utan att hamna i klicheer? Jag vet faktiskt inte. Jag valde att pl\u00e5ta makens basker. Han har ju gjort FN-tj\u00e4nst i Bosnien p\u00e5 1990-talet. Och de var ju d\u00e4r f\u00f6r att uppr\u00e4tth\u00e5lla freden som hade slutits d\u00e5. Det \u00e4r ingen bl\u00e5 basker, men \u00e4nd\u00e5. Jag [&hellip;]<\/p>\n","protected":false},"author":1,"featured_media":0,"comment_status":"open","ping_status":"open","sticky":false,"template":"","format":"standard","meta":{"ngg_post_thumbnail":0,"footnotes":""},"categories":[1],"tags":[],"class_list":["post-6368","post","type-post","status-publish","format-standard","hentry","category-uncategorized"],"_links":{"self":[{"href":"http:\/\/johannamortberg.se\/blogg\/wp-json\/wp\/v2\/posts\/6368","targetHints":{"allow":["GET"]}}],"collection":[{"href":"http:\/\/johannamortberg.se\/blogg\/wp-json\/wp\/v2\/posts"}],"about":[{"href":"http:\/\/johannamortberg.se\/blogg\/wp-json\/wp\/v2\/types\/post"}],"author":[{"embeddable":true,"href":"http:\/\/johannamortberg.se\/blogg\/wp-json\/wp\/v2\/users\/1"}],"replies":[{"embeddable":true,"href":"http:\/\/johannamortberg.se\/blogg\/wp-json\/wp\/v2\/comments?post=6368"}],"version-history":[{"count":1,"href":"http:\/\/johannamortberg.se\/blogg\/wp-json\/wp\/v2\/posts\/6368\/revisions"}],"predecessor-version":[{"id":6370,"href":"http:\/\/johannamortberg.se\/blogg\/wp-json\/wp\/v2\/posts\/6368\/revisions\/6370"}],"wp:attachment":[{"href":"http:\/\/johannamortberg.se\/blogg\/wp-json\/wp\/v2\/media?parent=6368"}],"wp:term":[{"taxonomy":"category","embeddable":true,"href":"http:\/\/johannamortberg.se\/blogg\/wp-json\/wp\/v2\/categories?post=6368"},{"taxonomy":"post_tag","embeddable":true,"href":"http:\/\/johannamortberg.se\/blogg\/wp-json\/wp\/v2\/tags?post=6368"}],"curies":[{"name":"wp","href":"https:\/\/api.w.org\/{rel}","templated":true}]}}