{"id":6300,"date":"2015-03-10T15:03:42","date_gmt":"2015-03-10T14:03:42","guid":{"rendered":"http:\/\/johannamortberg.se\/blogg\/?p=6300"},"modified":"2015-03-10T15:07:06","modified_gmt":"2015-03-10T14:07:06","slug":"moln","status":"publish","type":"post","link":"http:\/\/johannamortberg.se\/blogg\/2015\/03\/10\/moln\/","title":{"rendered":"Moln"},"content":{"rendered":"<p><a href=\"http:\/\/johannamortberg.se\/blogg\/files\/2015\/03\/20150310_molnw.jpg\"><img loading=\"lazy\" decoding=\"async\" class=\"alignleft size-medium wp-image-6301\" src=\"http:\/\/johannamortberg.se\/blogg\/files\/2015\/03\/20150310_molnw-300x200.jpg\" alt=\"20150310_molnw\" width=\"300\" height=\"200\" srcset=\"http:\/\/johannamortberg.se\/blogg\/files\/2015\/03\/20150310_molnw-300x200.jpg 300w, http:\/\/johannamortberg.se\/blogg\/files\/2015\/03\/20150310_molnw.jpg 600w\" sizes=\"auto, (max-width: 300px) 100vw, 300px\" \/><\/a>I dag var temat moln. Inte helt l\u00e4tt eftersom det ju faktiskt h\u00e4nger en hel del p\u00e5 v\u00e4dret om det ska bli n\u00e5got. I g\u00e5r var det fullkomligt klart v\u00e4der, inte ett moln i sikte. I dag b\u00f6rjade dagen gr\u00e5mulet och el\u00e4ndigt. \u00c4nnu v\u00e4rre allts\u00e5. Bara moln, s\u00e5 det var som en gr\u00f6t \u00f6ver hela himlen.<\/p>\n<p>Men som tur var, s\u00e5 sprack det upp fram\u00e5t lunchtid. Jag skyndade mig att ta en molnbild och s\u00e5 understr\u00f6k jag det bl\u00e5a och klara i bildbehandlingen. Jag har ju massor med bra molnbilder p\u00e5 lager, men det ska ju vara nytagna bilder f\u00f6r det h\u00e4r projektet, s\u00e5 det var ju bara att hoppas p\u00e5 v\u00e4dret. Jag hade tur som fick hj\u00e4lp p\u00e5 traven i dag.<\/p>\n","protected":false},"excerpt":{"rendered":"<p>I dag var temat moln. Inte helt l\u00e4tt eftersom det ju faktiskt h\u00e4nger en hel del p\u00e5 v\u00e4dret om det ska bli n\u00e5got. I g\u00e5r var det fullkomligt klart v\u00e4der, inte ett moln i sikte. I dag b\u00f6rjade dagen gr\u00e5mulet och el\u00e4ndigt. \u00c4nnu v\u00e4rre allts\u00e5. Bara moln, s\u00e5 det var som en gr\u00f6t \u00f6ver hela [&hellip;]<\/p>\n","protected":false},"author":1,"featured_media":0,"comment_status":"open","ping_status":"open","sticky":false,"template":"","format":"standard","meta":{"ngg_post_thumbnail":0,"footnotes":""},"categories":[1],"tags":[],"class_list":["post-6300","post","type-post","status-publish","format-standard","hentry","category-uncategorized"],"_links":{"self":[{"href":"http:\/\/johannamortberg.se\/blogg\/wp-json\/wp\/v2\/posts\/6300","targetHints":{"allow":["GET"]}}],"collection":[{"href":"http:\/\/johannamortberg.se\/blogg\/wp-json\/wp\/v2\/posts"}],"about":[{"href":"http:\/\/johannamortberg.se\/blogg\/wp-json\/wp\/v2\/types\/post"}],"author":[{"embeddable":true,"href":"http:\/\/johannamortberg.se\/blogg\/wp-json\/wp\/v2\/users\/1"}],"replies":[{"embeddable":true,"href":"http:\/\/johannamortberg.se\/blogg\/wp-json\/wp\/v2\/comments?post=6300"}],"version-history":[{"count":2,"href":"http:\/\/johannamortberg.se\/blogg\/wp-json\/wp\/v2\/posts\/6300\/revisions"}],"predecessor-version":[{"id":6303,"href":"http:\/\/johannamortberg.se\/blogg\/wp-json\/wp\/v2\/posts\/6300\/revisions\/6303"}],"wp:attachment":[{"href":"http:\/\/johannamortberg.se\/blogg\/wp-json\/wp\/v2\/media?parent=6300"}],"wp:term":[{"taxonomy":"category","embeddable":true,"href":"http:\/\/johannamortberg.se\/blogg\/wp-json\/wp\/v2\/categories?post=6300"},{"taxonomy":"post_tag","embeddable":true,"href":"http:\/\/johannamortberg.se\/blogg\/wp-json\/wp\/v2\/tags?post=6300"}],"curies":[{"name":"wp","href":"https:\/\/api.w.org\/{rel}","templated":true}]}}