{"id":6263,"date":"2015-02-27T10:12:40","date_gmt":"2015-02-27T09:12:40","guid":{"rendered":"http:\/\/johannamortberg.se\/blogg\/?p=6263"},"modified":"2015-02-27T10:13:44","modified_gmt":"2015-02-27T09:13:44","slug":"vardag-2","status":"publish","type":"post","link":"http:\/\/johannamortberg.se\/blogg\/2015\/02\/27\/vardag-2\/","title":{"rendered":"Vardag"},"content":{"rendered":"<p><a href=\"http:\/\/johannamortberg.se\/blogg\/files\/2015\/02\/20150227_vardagw.jpg\"><img loading=\"lazy\" decoding=\"async\" class=\"alignleft size-medium wp-image-6264\" src=\"http:\/\/johannamortberg.se\/blogg\/files\/2015\/02\/20150227_vardagw-300x186.jpg\" alt=\"20150227_vardagw\" width=\"300\" height=\"186\" srcset=\"http:\/\/johannamortberg.se\/blogg\/files\/2015\/02\/20150227_vardagw-300x186.jpg 300w, http:\/\/johannamortberg.se\/blogg\/files\/2015\/02\/20150227_vardagw.jpg 600w\" sizes=\"auto, (max-width: 300px) 100vw, 300px\" \/><\/a>I dag var temaordet vardag. Intressant. Vad \u00e4r vardag? Och f\u00f6r vem? Jag hade f\u00f6rm\u00e5nen att f\u00e5 \u00e5ka till Falun i g\u00e5r f\u00f6r ett frilansjobb. D\u00e4r p\u00e5g\u00e5r som bekant skid-VM och jag fick m\u00f6jlighet att som ackrediterad h\u00e4nga med och fotografera under damernas stafett. Norge vann \u00f6verl\u00e4gset f\u00f6re Sverige som blev tv\u00e5a och Finland som blev trea. En vanlig dag p\u00e5 jobbet f\u00f6r alla pressfotograferna som var d\u00e4r. En vanlig dag p\u00e5 jobbet f\u00f6r Marit Bj\u00f6rgen, Therese Johaug, Heidi Weng och Astrid Uhrenholdt Jacobsen som vann VM-guld? Nja, kanske inte helt vardagsmat, ens f\u00f6r dem&#8230; \ud83d\ude42<\/p>\n","protected":false},"excerpt":{"rendered":"<p>I dag var temaordet vardag. Intressant. Vad \u00e4r vardag? Och f\u00f6r vem? Jag hade f\u00f6rm\u00e5nen att f\u00e5 \u00e5ka till Falun i g\u00e5r f\u00f6r ett frilansjobb. D\u00e4r p\u00e5g\u00e5r som bekant skid-VM och jag fick m\u00f6jlighet att som ackrediterad h\u00e4nga med och fotografera under damernas stafett. Norge vann \u00f6verl\u00e4gset f\u00f6re Sverige som blev tv\u00e5a och Finland som [&hellip;]<\/p>\n","protected":false},"author":1,"featured_media":0,"comment_status":"open","ping_status":"open","sticky":false,"template":"","format":"standard","meta":{"ngg_post_thumbnail":0,"footnotes":""},"categories":[1],"tags":[],"class_list":["post-6263","post","type-post","status-publish","format-standard","hentry","category-uncategorized"],"_links":{"self":[{"href":"http:\/\/johannamortberg.se\/blogg\/wp-json\/wp\/v2\/posts\/6263","targetHints":{"allow":["GET"]}}],"collection":[{"href":"http:\/\/johannamortberg.se\/blogg\/wp-json\/wp\/v2\/posts"}],"about":[{"href":"http:\/\/johannamortberg.se\/blogg\/wp-json\/wp\/v2\/types\/post"}],"author":[{"embeddable":true,"href":"http:\/\/johannamortberg.se\/blogg\/wp-json\/wp\/v2\/users\/1"}],"replies":[{"embeddable":true,"href":"http:\/\/johannamortberg.se\/blogg\/wp-json\/wp\/v2\/comments?post=6263"}],"version-history":[{"count":1,"href":"http:\/\/johannamortberg.se\/blogg\/wp-json\/wp\/v2\/posts\/6263\/revisions"}],"predecessor-version":[{"id":6265,"href":"http:\/\/johannamortberg.se\/blogg\/wp-json\/wp\/v2\/posts\/6263\/revisions\/6265"}],"wp:attachment":[{"href":"http:\/\/johannamortberg.se\/blogg\/wp-json\/wp\/v2\/media?parent=6263"}],"wp:term":[{"taxonomy":"category","embeddable":true,"href":"http:\/\/johannamortberg.se\/blogg\/wp-json\/wp\/v2\/categories?post=6263"},{"taxonomy":"post_tag","embeddable":true,"href":"http:\/\/johannamortberg.se\/blogg\/wp-json\/wp\/v2\/tags?post=6263"}],"curies":[{"name":"wp","href":"https:\/\/api.w.org\/{rel}","templated":true}]}}