{"id":6257,"date":"2015-02-22T09:00:49","date_gmt":"2015-02-22T08:00:49","guid":{"rendered":"http:\/\/johannamortberg.se\/blogg\/?p=6257"},"modified":"2015-02-24T08:59:18","modified_gmt":"2015-02-24T07:59:18","slug":"is","status":"publish","type":"post","link":"http:\/\/johannamortberg.se\/blogg\/2015\/02\/22\/is\/","title":{"rendered":"Is"},"content":{"rendered":"<p><a href=\"http:\/\/johannamortberg.se\/blogg\/files\/2015\/02\/20150222_isw.jpg\"><img loading=\"lazy\" decoding=\"async\" class=\"alignleft size-medium wp-image-6258\" src=\"http:\/\/johannamortberg.se\/blogg\/files\/2015\/02\/20150222_isw-199x300.jpg\" alt=\"20150222_isw\" width=\"199\" height=\"300\" srcset=\"http:\/\/johannamortberg.se\/blogg\/files\/2015\/02\/20150222_isw-199x300.jpg 199w, http:\/\/johannamortberg.se\/blogg\/files\/2015\/02\/20150222_isw.jpg 398w\" sizes=\"auto, (max-width: 199px) 100vw, 199px\" \/><\/a>I dag var temaordet is. Inte s\u00e5 j\u00e4ttel\u00e4tt. Det \u00e4r visserligen vinter, men det har varit ganska varmt och sn\u00f6n har b\u00e5de fallit, sm\u00e4lt och f\u00f6rsvunnit. Inte s\u00e5 enkelt att pl\u00e5ta is utomhus. \u00c5terst\u00e5r d\u00e5 isbitar. Vi har ingen riktigt bra form f\u00f6r s\u00e5nt, jag brukar k\u00f6ra isbitar i plastp\u00e5se n\u00e4r jag bakar, men de blir ju bara oformliga klumpar. S\u00e5 det fick bli krogis. Vattenglas med is. Inte helt l\u00e4tt det heller eftersom isen g\u00e4rna klumpar ihop sig i vattnet och kontrasten \u00e4r d\u00e5lig. Man f\u00e5r satsa p\u00e5 fint bl\u00e4nk i st\u00e4llet. Jag testade lite med l\u00e5neoptiken som jag har just nu, 58 mm f\/1.4. Sv\u00e5rt att h\u00e5lla still med l\u00e5ng n\u00e4rgr\u00e4ns och kort sk\u00e4rpedjup, men det h\u00e4r blev r\u00e4tt okej tycker jag.<\/p>\n<p>R\u00e4tt enkel bildbehandling, \u00f6vertoningskarta i en svartvit variant och lite extra kontrast.<\/p>\n","protected":false},"excerpt":{"rendered":"<p>I dag var temaordet is. Inte s\u00e5 j\u00e4ttel\u00e4tt. Det \u00e4r visserligen vinter, men det har varit ganska varmt och sn\u00f6n har b\u00e5de fallit, sm\u00e4lt och f\u00f6rsvunnit. Inte s\u00e5 enkelt att pl\u00e5ta is utomhus. \u00c5terst\u00e5r d\u00e5 isbitar. Vi har ingen riktigt bra form f\u00f6r s\u00e5nt, jag brukar k\u00f6ra isbitar i plastp\u00e5se n\u00e4r jag bakar, men de [&hellip;]<\/p>\n","protected":false},"author":1,"featured_media":0,"comment_status":"open","ping_status":"open","sticky":false,"template":"","format":"standard","meta":{"ngg_post_thumbnail":0,"footnotes":""},"categories":[1],"tags":[],"class_list":["post-6257","post","type-post","status-publish","format-standard","hentry","category-uncategorized"],"_links":{"self":[{"href":"http:\/\/johannamortberg.se\/blogg\/wp-json\/wp\/v2\/posts\/6257","targetHints":{"allow":["GET"]}}],"collection":[{"href":"http:\/\/johannamortberg.se\/blogg\/wp-json\/wp\/v2\/posts"}],"about":[{"href":"http:\/\/johannamortberg.se\/blogg\/wp-json\/wp\/v2\/types\/post"}],"author":[{"embeddable":true,"href":"http:\/\/johannamortberg.se\/blogg\/wp-json\/wp\/v2\/users\/1"}],"replies":[{"embeddable":true,"href":"http:\/\/johannamortberg.se\/blogg\/wp-json\/wp\/v2\/comments?post=6257"}],"version-history":[{"count":1,"href":"http:\/\/johannamortberg.se\/blogg\/wp-json\/wp\/v2\/posts\/6257\/revisions"}],"predecessor-version":[{"id":6259,"href":"http:\/\/johannamortberg.se\/blogg\/wp-json\/wp\/v2\/posts\/6257\/revisions\/6259"}],"wp:attachment":[{"href":"http:\/\/johannamortberg.se\/blogg\/wp-json\/wp\/v2\/media?parent=6257"}],"wp:term":[{"taxonomy":"category","embeddable":true,"href":"http:\/\/johannamortberg.se\/blogg\/wp-json\/wp\/v2\/categories?post=6257"},{"taxonomy":"post_tag","embeddable":true,"href":"http:\/\/johannamortberg.se\/blogg\/wp-json\/wp\/v2\/tags?post=6257"}],"curies":[{"name":"wp","href":"https:\/\/api.w.org\/{rel}","templated":true}]}}