{"id":6173,"date":"2015-01-21T09:00:50","date_gmt":"2015-01-21T08:00:50","guid":{"rendered":"http:\/\/johannamortberg.se\/blogg\/?p=6173"},"modified":"2015-01-18T20:21:26","modified_gmt":"2015-01-18T19:21:26","slug":"solnedgang","status":"publish","type":"post","link":"http:\/\/johannamortberg.se\/blogg\/2015\/01\/21\/solnedgang\/","title":{"rendered":"Solnedg\u00e5ng"},"content":{"rendered":"<p><a href=\"http:\/\/johannamortberg.se\/blogg\/files\/2015\/01\/20150121_solnedgangw.jpg\"><img loading=\"lazy\" decoding=\"async\" class=\"alignleft size-medium wp-image-6174\" src=\"http:\/\/johannamortberg.se\/blogg\/files\/2015\/01\/20150121_solnedgangw-300x300.jpg\" alt=\"20150121_solnedgangw\" width=\"300\" height=\"300\" srcset=\"http:\/\/johannamortberg.se\/blogg\/files\/2015\/01\/20150121_solnedgangw-300x300.jpg 300w, http:\/\/johannamortberg.se\/blogg\/files\/2015\/01\/20150121_solnedgangw-150x150.jpg 150w, http:\/\/johannamortberg.se\/blogg\/files\/2015\/01\/20150121_solnedgangw-144x144.jpg 144w, http:\/\/johannamortberg.se\/blogg\/files\/2015\/01\/20150121_solnedgangw.jpg 400w\" sizes=\"auto, (max-width: 300px) 100vw, 300px\" \/><\/a>I dag var temat solnedg\u00e5ng. Fick bli en bild fr\u00e5n julens Lule\u00e5resa. Resan \u00f6ver Bergn\u00e4sbron, p\u00e5 v\u00e4g mot flygplatsen. Solen har knappt orkat \u00f6ver horisonten. P\u00e5 v\u00e4g upp eller ner? N\u00e5, det \u00e4r n\u00e4stan detsamma.<\/p>\n","protected":false},"excerpt":{"rendered":"<p>I dag var temat solnedg\u00e5ng. Fick bli en bild fr\u00e5n julens Lule\u00e5resa. Resan \u00f6ver Bergn\u00e4sbron, p\u00e5 v\u00e4g mot flygplatsen. Solen har knappt orkat \u00f6ver horisonten. P\u00e5 v\u00e4g upp eller ner? N\u00e5, det \u00e4r n\u00e4stan detsamma.<\/p>\n","protected":false},"author":1,"featured_media":0,"comment_status":"open","ping_status":"open","sticky":false,"template":"","format":"standard","meta":{"ngg_post_thumbnail":0,"footnotes":""},"categories":[1],"tags":[],"class_list":["post-6173","post","type-post","status-publish","format-standard","hentry","category-uncategorized"],"_links":{"self":[{"href":"http:\/\/johannamortberg.se\/blogg\/wp-json\/wp\/v2\/posts\/6173","targetHints":{"allow":["GET"]}}],"collection":[{"href":"http:\/\/johannamortberg.se\/blogg\/wp-json\/wp\/v2\/posts"}],"about":[{"href":"http:\/\/johannamortberg.se\/blogg\/wp-json\/wp\/v2\/types\/post"}],"author":[{"embeddable":true,"href":"http:\/\/johannamortberg.se\/blogg\/wp-json\/wp\/v2\/users\/1"}],"replies":[{"embeddable":true,"href":"http:\/\/johannamortberg.se\/blogg\/wp-json\/wp\/v2\/comments?post=6173"}],"version-history":[{"count":1,"href":"http:\/\/johannamortberg.se\/blogg\/wp-json\/wp\/v2\/posts\/6173\/revisions"}],"predecessor-version":[{"id":6175,"href":"http:\/\/johannamortberg.se\/blogg\/wp-json\/wp\/v2\/posts\/6173\/revisions\/6175"}],"wp:attachment":[{"href":"http:\/\/johannamortberg.se\/blogg\/wp-json\/wp\/v2\/media?parent=6173"}],"wp:term":[{"taxonomy":"category","embeddable":true,"href":"http:\/\/johannamortberg.se\/blogg\/wp-json\/wp\/v2\/categories?post=6173"},{"taxonomy":"post_tag","embeddable":true,"href":"http:\/\/johannamortberg.se\/blogg\/wp-json\/wp\/v2\/tags?post=6173"}],"curies":[{"name":"wp","href":"https:\/\/api.w.org\/{rel}","templated":true}]}}