{"id":6164,"date":"2015-01-26T09:00:11","date_gmt":"2015-01-26T08:00:11","guid":{"rendered":"http:\/\/johannamortberg.se\/blogg\/?p=6164"},"modified":"2015-01-14T09:10:54","modified_gmt":"2015-01-14T08:10:54","slug":"i-vaskan","status":"publish","type":"post","link":"http:\/\/johannamortberg.se\/blogg\/2015\/01\/26\/i-vaskan\/","title":{"rendered":"I v\u00e4skan"},"content":{"rendered":"<div id=\"attachment_6165\" style=\"width: 310px\" class=\"wp-caption alignleft\"><a href=\"http:\/\/johannamortberg.se\/blogg\/files\/2015\/01\/20150126_ivaskanw.jpg\"><img loading=\"lazy\" decoding=\"async\" aria-describedby=\"caption-attachment-6165\" class=\"size-medium wp-image-6165\" src=\"http:\/\/johannamortberg.se\/blogg\/files\/2015\/01\/20150126_ivaskanw-300x216.jpg\" alt=\"Redo f\u00f6r en dag som inhyrd journalist.\" width=\"300\" height=\"216\" srcset=\"http:\/\/johannamortberg.se\/blogg\/files\/2015\/01\/20150126_ivaskanw-300x216.jpg 300w, http:\/\/johannamortberg.se\/blogg\/files\/2015\/01\/20150126_ivaskanw.jpg 555w\" sizes=\"auto, (max-width: 300px) 100vw, 300px\" \/><\/a><p id=\"caption-attachment-6165\" class=\"wp-caption-text\">Redo f\u00f6r en dag som inhyrd journalist.<\/p><\/div>\n<p>I dag var temat i v\u00e4skan. Jag har ju redan fotograferat min fotov\u00e4ska, s\u00e5 det k\u00e4ndes gjort. \u00c5terstod bara att t\u00e4nka p\u00e5 vad man annat kan ha i v\u00e4skan. Tr\u00e4ningskl\u00e4der? Bok? Sandaler?<\/p>\n<p>Det fick bli standardutrustningen f\u00f6r jobb p\u00e5 bortakontor. Det vill s\u00e4ga en vattenflaska, ett par inneskor och en matl\u00e5da. Hade g\u00e4rna tagit med en pocketbok, men det fick inte riktigt plats n\u00e4r jag lade ut grejorna f\u00f6r att pl\u00e5ta dem. Dagens matl\u00e5da inneh\u00e5ller macaroni di busa, en r\u00e4tt som min man g\u00f6r. Pasta, salsicciakorv, l\u00f6k, tomatpur\u00e9, rostade pinjen\u00f6tter, pecorinoost och ruccola p\u00e5 det. Smaskens.<\/p>\n","protected":false},"excerpt":{"rendered":"<p>I dag var temat i v\u00e4skan. Jag har ju redan fotograferat min fotov\u00e4ska, s\u00e5 det k\u00e4ndes gjort. \u00c5terstod bara att t\u00e4nka p\u00e5 vad man annat kan ha i v\u00e4skan. Tr\u00e4ningskl\u00e4der? Bok? Sandaler? Det fick bli standardutrustningen f\u00f6r jobb p\u00e5 bortakontor. Det vill s\u00e4ga en vattenflaska, ett par inneskor och en matl\u00e5da. Hade g\u00e4rna tagit med [&hellip;]<\/p>\n","protected":false},"author":1,"featured_media":0,"comment_status":"open","ping_status":"open","sticky":false,"template":"","format":"standard","meta":{"ngg_post_thumbnail":0,"footnotes":""},"categories":[1],"tags":[],"class_list":["post-6164","post","type-post","status-publish","format-standard","hentry","category-uncategorized"],"_links":{"self":[{"href":"http:\/\/johannamortberg.se\/blogg\/wp-json\/wp\/v2\/posts\/6164","targetHints":{"allow":["GET"]}}],"collection":[{"href":"http:\/\/johannamortberg.se\/blogg\/wp-json\/wp\/v2\/posts"}],"about":[{"href":"http:\/\/johannamortberg.se\/blogg\/wp-json\/wp\/v2\/types\/post"}],"author":[{"embeddable":true,"href":"http:\/\/johannamortberg.se\/blogg\/wp-json\/wp\/v2\/users\/1"}],"replies":[{"embeddable":true,"href":"http:\/\/johannamortberg.se\/blogg\/wp-json\/wp\/v2\/comments?post=6164"}],"version-history":[{"count":1,"href":"http:\/\/johannamortberg.se\/blogg\/wp-json\/wp\/v2\/posts\/6164\/revisions"}],"predecessor-version":[{"id":6166,"href":"http:\/\/johannamortberg.se\/blogg\/wp-json\/wp\/v2\/posts\/6164\/revisions\/6166"}],"wp:attachment":[{"href":"http:\/\/johannamortberg.se\/blogg\/wp-json\/wp\/v2\/media?parent=6164"}],"wp:term":[{"taxonomy":"category","embeddable":true,"href":"http:\/\/johannamortberg.se\/blogg\/wp-json\/wp\/v2\/categories?post=6164"},{"taxonomy":"post_tag","embeddable":true,"href":"http:\/\/johannamortberg.se\/blogg\/wp-json\/wp\/v2\/tags?post=6164"}],"curies":[{"name":"wp","href":"https:\/\/api.w.org\/{rel}","templated":true}]}}