{"id":6129,"date":"2015-01-10T12:59:28","date_gmt":"2015-01-10T11:59:28","guid":{"rendered":"http:\/\/johannamortberg.se\/blogg\/?p=6129"},"modified":"2015-01-10T12:59:28","modified_gmt":"2015-01-10T11:59:28","slug":"ljus","status":"publish","type":"post","link":"http:\/\/johannamortberg.se\/blogg\/2015\/01\/10\/ljus\/","title":{"rendered":"Ljus"},"content":{"rendered":"<p><a href=\"http:\/\/johannamortberg.se\/blogg\/files\/2015\/01\/20150110_ljusw.jpg\"><img loading=\"lazy\" decoding=\"async\" class=\"alignleft size-medium wp-image-6130\" src=\"http:\/\/johannamortberg.se\/blogg\/files\/2015\/01\/20150110_ljusw-200x300.jpg\" alt=\"20150110_ljusw\" width=\"200\" height=\"300\" srcset=\"http:\/\/johannamortberg.se\/blogg\/files\/2015\/01\/20150110_ljusw-200x300.jpg 200w, http:\/\/johannamortberg.se\/blogg\/files\/2015\/01\/20150110_ljusw.jpg 400w\" sizes=\"auto, (max-width: 200px) 100vw, 200px\" \/><\/a>I dag var temaordet ljus. Jag hade best\u00e4mt mig ganska tidigt att jag ville fotografera Globen. P\u00e5 natten \u00e4r den ofta upplyst i l\u00e4ckra f\u00e4rger, vilket jag brukar se n\u00e4r jag \u00e5ker taxi hem efter sena jobbn\u00e4tter.<\/p>\n<p>N\u00e5. Jag t\u00e4nkte inte v\u00e4nta till klockan ett p\u00e5 natten f\u00f6r att ta min bild, s\u00e5 jag \u00e5kte dit vid 17-tiden n\u00e4r det blivit m\u00f6rkt. Tyv\u00e4rr var ju inte Globen belyst d\u00e5, bara den vanliga vita tr\u00e5kiga f\u00e4rgen. Dessutom s\u00e5g hela Globen smutsig ut eftersom det var frost p\u00e5 taket. Men jag hade tur. Det finns ju en arena till precis bredvid. Tele2 Arena som jag inte bes\u00f6kt var upplyst och glittrade fint i sitt metallskal. S\u00e5 jag gick dit och tog en bild.<\/p>\n<p>Det \u00e4r ju inte helt l\u00e4tt att pl\u00e5ta arenor eftersom de \u00e4r s\u00e5 stora, men det blev \u00e4nd\u00e5 ganska bra att ta en bild vid entr\u00e9plan.<\/p>\n<p>&nbsp;<\/p>\n","protected":false},"excerpt":{"rendered":"<p>I dag var temaordet ljus. Jag hade best\u00e4mt mig ganska tidigt att jag ville fotografera Globen. P\u00e5 natten \u00e4r den ofta upplyst i l\u00e4ckra f\u00e4rger, vilket jag brukar se n\u00e4r jag \u00e5ker taxi hem efter sena jobbn\u00e4tter. N\u00e5. Jag t\u00e4nkte inte v\u00e4nta till klockan ett p\u00e5 natten f\u00f6r att ta min bild, s\u00e5 jag \u00e5kte [&hellip;]<\/p>\n","protected":false},"author":1,"featured_media":0,"comment_status":"open","ping_status":"open","sticky":false,"template":"","format":"standard","meta":{"ngg_post_thumbnail":0,"footnotes":""},"categories":[1],"tags":[],"class_list":["post-6129","post","type-post","status-publish","format-standard","hentry","category-uncategorized"],"_links":{"self":[{"href":"http:\/\/johannamortberg.se\/blogg\/wp-json\/wp\/v2\/posts\/6129","targetHints":{"allow":["GET"]}}],"collection":[{"href":"http:\/\/johannamortberg.se\/blogg\/wp-json\/wp\/v2\/posts"}],"about":[{"href":"http:\/\/johannamortberg.se\/blogg\/wp-json\/wp\/v2\/types\/post"}],"author":[{"embeddable":true,"href":"http:\/\/johannamortberg.se\/blogg\/wp-json\/wp\/v2\/users\/1"}],"replies":[{"embeddable":true,"href":"http:\/\/johannamortberg.se\/blogg\/wp-json\/wp\/v2\/comments?post=6129"}],"version-history":[{"count":1,"href":"http:\/\/johannamortberg.se\/blogg\/wp-json\/wp\/v2\/posts\/6129\/revisions"}],"predecessor-version":[{"id":6131,"href":"http:\/\/johannamortberg.se\/blogg\/wp-json\/wp\/v2\/posts\/6129\/revisions\/6131"}],"wp:attachment":[{"href":"http:\/\/johannamortberg.se\/blogg\/wp-json\/wp\/v2\/media?parent=6129"}],"wp:term":[{"taxonomy":"category","embeddable":true,"href":"http:\/\/johannamortberg.se\/blogg\/wp-json\/wp\/v2\/categories?post=6129"},{"taxonomy":"post_tag","embeddable":true,"href":"http:\/\/johannamortberg.se\/blogg\/wp-json\/wp\/v2\/tags?post=6129"}],"curies":[{"name":"wp","href":"https:\/\/api.w.org\/{rel}","templated":true}]}}