{"id":6052,"date":"2014-12-31T09:00:06","date_gmt":"2014-12-31T08:00:06","guid":{"rendered":"http:\/\/johannamortberg.se\/blogg\/?p=6052"},"modified":"2014-12-17T16:10:40","modified_gmt":"2014-12-17T15:10:40","slug":"i-ar","status":"publish","type":"post","link":"http:\/\/johannamortberg.se\/blogg\/2014\/12\/31\/i-ar\/","title":{"rendered":"I \u00e5r"},"content":{"rendered":"<p><a href=\"http:\/\/johannamortberg.se\/blogg\/files\/2014\/12\/20141231_iarw.jpg\"><img loading=\"lazy\" decoding=\"async\" class=\"alignleft size-medium wp-image-6053\" src=\"http:\/\/johannamortberg.se\/blogg\/files\/2014\/12\/20141231_iarw-300x222.jpg\" alt=\"20141231_iarw\" width=\"300\" height=\"222\" srcset=\"http:\/\/johannamortberg.se\/blogg\/files\/2014\/12\/20141231_iarw-300x222.jpg 300w, http:\/\/johannamortberg.se\/blogg\/files\/2014\/12\/20141231_iarw.jpg 471w\" sizes=\"auto, (max-width: 300px) 100vw, 300px\" \/><\/a>S\u00e5 var det dags f\u00f6r sista dagen p\u00e5 fotoutmaningen En bild om dagen 2014. Fotografen Tobias Fischer drog i g\u00e5ng projektet och startade en grupp p\u00e5 Facebook. Alla temaord fanns utlagda under \u00e5ret s\u00e5 man kunde kolla p\u00e5 respektive m\u00e5nad och f\u00f6rbereda sig. Jag gick med i gruppen den 9 juni och har h\u00e4ngt i hyfsat. Jag har inte pl\u00e5tat varje dag. Ibland har jag gjort det, ibland har jag pl\u00e5tat i f\u00f6rskott eller om jag missat n\u00e5gra dagar, tagit igen det och publicerat bilderna i efterhand h\u00e4r i min blogg.<\/p>\n<p>Nu \u00e4r s\u00e5 sista dagen h\u00e4r. Temat \u00e4r s\u00e5 klart i \u00e5r. Sv\u00e5rt. Hur sammanfattar man ett \u00e5r i en bild? Kollage av alla bilder man tagit? Fyrverkerier? Hm. F\u00f6r mig \u00e4r \u00e5ret till stor del samlat i min jobbalmenacka som styr en hel del av mitt arbetsliv. Hj\u00e4lper mig att ha koll och veta vart jag ska och n\u00e4r. S\u00e5 det fick bli en bild p\u00e5 min kalender.<\/p>\n<p>N\u00e4sta \u00e5r har Tobias Fischer meddelat att det blir en ny utmaning. Vi pl\u00e5tar l\u00e5tar \u00e4r temat, man tar en bild i veckan d\u00e4r man tolkar n\u00e5gon av de 52 l\u00e5tar som Fischer lagt upp p\u00e5 sin sajt. Kolla in l\u00e5tlistan <a href=\"http:\/\/tobiasfischer.se\/viplatarlatar2015\/\" target=\"_blank\">h\u00e4r<\/a>. Exakt samma id\u00e9 som min v\u00e4n K kl\u00e4ckte och som vi b\u00f6rjade g\u00f6ra tillsammans i v\u00e5rt lilla fotog\u00e4ng nu under h\u00f6sten. Vi f\u00e5r se om jag g\u00e5r med i Fischers g\u00e4ng eller om jag h\u00e5ller mig till mina fotokompisar. Hur som helst, det l\u00e4r bli fler bilder 2015.<\/p>\n<p>Jag har l\u00e4rt mig massor p\u00e5 den tid jag pl\u00e5tat i en bild om dagen 2014. Nu g\u00e4ller det att f\u00f6rvalta och utveckla det. Har f\u00e5tt m\u00e5nga fotoid\u00e9er som jag vill g\u00e5 vidare med, s\u00e5 nu \u00e4r det bara att b\u00f6rja jobba.<\/p>\n<p>Gott slut och gott nytt \u00e5r!<\/p>\n","protected":false},"excerpt":{"rendered":"<p>S\u00e5 var det dags f\u00f6r sista dagen p\u00e5 fotoutmaningen En bild om dagen 2014. Fotografen Tobias Fischer drog i g\u00e5ng projektet och startade en grupp p\u00e5 Facebook. Alla temaord fanns utlagda under \u00e5ret s\u00e5 man kunde kolla p\u00e5 respektive m\u00e5nad och f\u00f6rbereda sig. Jag gick med i gruppen den 9 juni och har h\u00e4ngt i [&hellip;]<\/p>\n","protected":false},"author":1,"featured_media":0,"comment_status":"open","ping_status":"open","sticky":false,"template":"","format":"standard","meta":{"ngg_post_thumbnail":0,"footnotes":""},"categories":[1],"tags":[],"class_list":["post-6052","post","type-post","status-publish","format-standard","hentry","category-uncategorized"],"_links":{"self":[{"href":"http:\/\/johannamortberg.se\/blogg\/wp-json\/wp\/v2\/posts\/6052","targetHints":{"allow":["GET"]}}],"collection":[{"href":"http:\/\/johannamortberg.se\/blogg\/wp-json\/wp\/v2\/posts"}],"about":[{"href":"http:\/\/johannamortberg.se\/blogg\/wp-json\/wp\/v2\/types\/post"}],"author":[{"embeddable":true,"href":"http:\/\/johannamortberg.se\/blogg\/wp-json\/wp\/v2\/users\/1"}],"replies":[{"embeddable":true,"href":"http:\/\/johannamortberg.se\/blogg\/wp-json\/wp\/v2\/comments?post=6052"}],"version-history":[{"count":3,"href":"http:\/\/johannamortberg.se\/blogg\/wp-json\/wp\/v2\/posts\/6052\/revisions"}],"predecessor-version":[{"id":6056,"href":"http:\/\/johannamortberg.se\/blogg\/wp-json\/wp\/v2\/posts\/6052\/revisions\/6056"}],"wp:attachment":[{"href":"http:\/\/johannamortberg.se\/blogg\/wp-json\/wp\/v2\/media?parent=6052"}],"wp:term":[{"taxonomy":"category","embeddable":true,"href":"http:\/\/johannamortberg.se\/blogg\/wp-json\/wp\/v2\/categories?post=6052"},{"taxonomy":"post_tag","embeddable":true,"href":"http:\/\/johannamortberg.se\/blogg\/wp-json\/wp\/v2\/tags?post=6052"}],"curies":[{"name":"wp","href":"https:\/\/api.w.org\/{rel}","templated":true}]}}