{"id":6037,"date":"2014-12-20T09:00:24","date_gmt":"2014-12-20T08:00:24","guid":{"rendered":"http:\/\/johannamortberg.se\/blogg\/?p=6037"},"modified":"2014-12-17T15:43:28","modified_gmt":"2014-12-17T14:43:28","slug":"mossa","status":"publish","type":"post","link":"http:\/\/johannamortberg.se\/blogg\/2014\/12\/20\/mossa\/","title":{"rendered":"M\u00f6ssa"},"content":{"rendered":"<p><a href=\"http:\/\/johannamortberg.se\/blogg\/files\/2014\/12\/20141220_mossa1w.jpg\"><img loading=\"lazy\" decoding=\"async\" class=\"alignleft size-medium wp-image-6038\" src=\"http:\/\/johannamortberg.se\/blogg\/files\/2014\/12\/20141220_mossa1w-300x300.jpg\" alt=\"20141220_mossa1w\" width=\"300\" height=\"300\" srcset=\"http:\/\/johannamortberg.se\/blogg\/files\/2014\/12\/20141220_mossa1w-300x300.jpg 300w, http:\/\/johannamortberg.se\/blogg\/files\/2014\/12\/20141220_mossa1w-150x150.jpg 150w, http:\/\/johannamortberg.se\/blogg\/files\/2014\/12\/20141220_mossa1w-144x144.jpg 144w, http:\/\/johannamortberg.se\/blogg\/files\/2014\/12\/20141220_mossa1w.jpg 410w\" sizes=\"auto, (max-width: 300px) 100vw, 300px\" \/><\/a>I dag var fototemat m\u00f6ssa. Jag visste exakt vad jag skulle pl\u00e5ta och hur det skulle g\u00f6ras. Min bl\u00e5a Lule\u00e5m\u00f6ssa som jag k\u00f6pt i Kulturens hus f\u00f6r ett par \u00e5r sedan. Det var ju som vanligt gr\u00e4sligt m\u00f6rkt, men jag hade sl\u00e4pat min dagsljuslampa till vardagsrummet f\u00f6r en annan bild och passade p\u00e5.<\/p>\n<p>Jag m\u00e5ste nog k\u00f6pa ett annat st\u00e4ll \u00e4n skrivbordslampan, f\u00f6r den h\u00e5lls inte uppe.<\/p>\n<p>Jag fick h\u00e5lla lampan riktad med ena handen och anv\u00e4nda fj\u00e4rren f\u00f6r att trycka av. Och s\u00e5 fokusera p\u00e5 att posera r\u00e4tt. Jag stod p\u00e5 kn\u00e4, t\u00e4tt framf\u00f6r kameran. Det var inte helt l\u00e4tt att f\u00e5 till, men det blev faktiskt riktigt bra, tycker jag.<\/p>\n","protected":false},"excerpt":{"rendered":"<p>I dag var fototemat m\u00f6ssa. Jag visste exakt vad jag skulle pl\u00e5ta och hur det skulle g\u00f6ras. Min bl\u00e5a Lule\u00e5m\u00f6ssa som jag k\u00f6pt i Kulturens hus f\u00f6r ett par \u00e5r sedan. Det var ju som vanligt gr\u00e4sligt m\u00f6rkt, men jag hade sl\u00e4pat min dagsljuslampa till vardagsrummet f\u00f6r en annan bild och passade p\u00e5. Jag m\u00e5ste [&hellip;]<\/p>\n","protected":false},"author":1,"featured_media":0,"comment_status":"open","ping_status":"open","sticky":false,"template":"","format":"standard","meta":{"ngg_post_thumbnail":0,"footnotes":""},"categories":[1],"tags":[],"class_list":["post-6037","post","type-post","status-publish","format-standard","hentry","category-uncategorized"],"_links":{"self":[{"href":"http:\/\/johannamortberg.se\/blogg\/wp-json\/wp\/v2\/posts\/6037","targetHints":{"allow":["GET"]}}],"collection":[{"href":"http:\/\/johannamortberg.se\/blogg\/wp-json\/wp\/v2\/posts"}],"about":[{"href":"http:\/\/johannamortberg.se\/blogg\/wp-json\/wp\/v2\/types\/post"}],"author":[{"embeddable":true,"href":"http:\/\/johannamortberg.se\/blogg\/wp-json\/wp\/v2\/users\/1"}],"replies":[{"embeddable":true,"href":"http:\/\/johannamortberg.se\/blogg\/wp-json\/wp\/v2\/comments?post=6037"}],"version-history":[{"count":3,"href":"http:\/\/johannamortberg.se\/blogg\/wp-json\/wp\/v2\/posts\/6037\/revisions"}],"predecessor-version":[{"id":6041,"href":"http:\/\/johannamortberg.se\/blogg\/wp-json\/wp\/v2\/posts\/6037\/revisions\/6041"}],"wp:attachment":[{"href":"http:\/\/johannamortberg.se\/blogg\/wp-json\/wp\/v2\/media?parent=6037"}],"wp:term":[{"taxonomy":"category","embeddable":true,"href":"http:\/\/johannamortberg.se\/blogg\/wp-json\/wp\/v2\/categories?post=6037"},{"taxonomy":"post_tag","embeddable":true,"href":"http:\/\/johannamortberg.se\/blogg\/wp-json\/wp\/v2\/tags?post=6037"}],"curies":[{"name":"wp","href":"https:\/\/api.w.org\/{rel}","templated":true}]}}