{"id":6030,"date":"2014-12-16T15:30:32","date_gmt":"2014-12-16T14:30:32","guid":{"rendered":"http:\/\/johannamortberg.se\/blogg\/?p=6030"},"modified":"2014-12-17T15:35:04","modified_gmt":"2014-12-17T14:35:04","slug":"han","status":"publish","type":"post","link":"http:\/\/johannamortberg.se\/blogg\/2014\/12\/16\/han\/","title":{"rendered":"Han"},"content":{"rendered":"<p><a href=\"http:\/\/johannamortberg.se\/blogg\/files\/2014\/12\/20141216_hanw.jpg\"><img loading=\"lazy\" decoding=\"async\" class=\"alignleft size-medium wp-image-6031\" src=\"http:\/\/johannamortberg.se\/blogg\/files\/2014\/12\/20141216_hanw-300x300.jpg\" alt=\"20141216_hanw\" width=\"300\" height=\"300\" srcset=\"http:\/\/johannamortberg.se\/blogg\/files\/2014\/12\/20141216_hanw-300x300.jpg 300w, http:\/\/johannamortberg.se\/blogg\/files\/2014\/12\/20141216_hanw-150x150.jpg 150w, http:\/\/johannamortberg.se\/blogg\/files\/2014\/12\/20141216_hanw-144x144.jpg 144w, http:\/\/johannamortberg.se\/blogg\/files\/2014\/12\/20141216_hanw.jpg 400w\" sizes=\"auto, (max-width: 300px) 100vw, 300px\" \/><\/a>I dag var fototemat f\u00f6r dagen han. Klurigt. Jag pl\u00e5tade ju underkl\u00e4der och lite personliga grejor n\u00e4r det var tema hon f\u00f6r ett tag sedan, s\u00e5 det stod klart r\u00e4tt tidigt att jag ville g\u00f6ra en liknande bild fast med manliga grejor. Eftersom maken var p\u00e5 jobbet passade jag p\u00e5 att snoka runt i garderoberna och plockade fram n\u00e5gra av de saker jag vet att han inte klarar sig utan. Lite modifikation fick det bli, exempelvis hade han ju sin klocka p\u00e5 sig, s\u00e5 jag fick l\u00e5na hans gamla. Och vigselringen och f\u00f6rlovningsringen hade han ju ocks\u00e5 p\u00e5 sig, s\u00e5 jag tog hans FN-ring eftersom jag vet hur mycket den betyder f\u00f6r honom. S\u00e5 h\u00e4r blev det. Funderade p\u00e5 att ta hans nyckelknippa ocks\u00e5, men den var ju, ja&#8230; i hans ficka.<\/p>\n","protected":false},"excerpt":{"rendered":"<p>I dag var fototemat f\u00f6r dagen han. Klurigt. Jag pl\u00e5tade ju underkl\u00e4der och lite personliga grejor n\u00e4r det var tema hon f\u00f6r ett tag sedan, s\u00e5 det stod klart r\u00e4tt tidigt att jag ville g\u00f6ra en liknande bild fast med manliga grejor. Eftersom maken var p\u00e5 jobbet passade jag p\u00e5 att snoka runt i garderoberna [&hellip;]<\/p>\n","protected":false},"author":1,"featured_media":0,"comment_status":"open","ping_status":"open","sticky":false,"template":"","format":"standard","meta":{"ngg_post_thumbnail":0,"footnotes":""},"categories":[1],"tags":[],"class_list":["post-6030","post","type-post","status-publish","format-standard","hentry","category-uncategorized"],"_links":{"self":[{"href":"http:\/\/johannamortberg.se\/blogg\/wp-json\/wp\/v2\/posts\/6030","targetHints":{"allow":["GET"]}}],"collection":[{"href":"http:\/\/johannamortberg.se\/blogg\/wp-json\/wp\/v2\/posts"}],"about":[{"href":"http:\/\/johannamortberg.se\/blogg\/wp-json\/wp\/v2\/types\/post"}],"author":[{"embeddable":true,"href":"http:\/\/johannamortberg.se\/blogg\/wp-json\/wp\/v2\/users\/1"}],"replies":[{"embeddable":true,"href":"http:\/\/johannamortberg.se\/blogg\/wp-json\/wp\/v2\/comments?post=6030"}],"version-history":[{"count":1,"href":"http:\/\/johannamortberg.se\/blogg\/wp-json\/wp\/v2\/posts\/6030\/revisions"}],"predecessor-version":[{"id":6032,"href":"http:\/\/johannamortberg.se\/blogg\/wp-json\/wp\/v2\/posts\/6030\/revisions\/6032"}],"wp:attachment":[{"href":"http:\/\/johannamortberg.se\/blogg\/wp-json\/wp\/v2\/media?parent=6030"}],"wp:term":[{"taxonomy":"category","embeddable":true,"href":"http:\/\/johannamortberg.se\/blogg\/wp-json\/wp\/v2\/categories?post=6030"},{"taxonomy":"post_tag","embeddable":true,"href":"http:\/\/johannamortberg.se\/blogg\/wp-json\/wp\/v2\/tags?post=6030"}],"curies":[{"name":"wp","href":"https:\/\/api.w.org\/{rel}","templated":true}]}}