{"id":5944,"date":"2014-11-23T19:19:21","date_gmt":"2014-11-23T18:19:21","guid":{"rendered":"http:\/\/johannamortberg.se\/blogg\/?p=5944"},"modified":"2014-11-23T19:19:21","modified_gmt":"2014-11-23T18:19:21","slug":"majs","status":"publish","type":"post","link":"http:\/\/johannamortberg.se\/blogg\/2014\/11\/23\/majs\/","title":{"rendered":"Majs"},"content":{"rendered":"<p><a href=\"http:\/\/johannamortberg.se\/blogg\/files\/2014\/11\/20141123_majsw.jpg\"><img loading=\"lazy\" decoding=\"async\" class=\"alignleft size-medium wp-image-5945\" src=\"http:\/\/johannamortberg.se\/blogg\/files\/2014\/11\/20141123_majsw-300x300.jpg\" alt=\"20141123_majsw\" width=\"300\" height=\"300\" srcset=\"http:\/\/johannamortberg.se\/blogg\/files\/2014\/11\/20141123_majsw-300x300.jpg 300w, http:\/\/johannamortberg.se\/blogg\/files\/2014\/11\/20141123_majsw-150x150.jpg 150w, http:\/\/johannamortberg.se\/blogg\/files\/2014\/11\/20141123_majsw-144x144.jpg 144w, http:\/\/johannamortberg.se\/blogg\/files\/2014\/11\/20141123_majsw.jpg 400w\" sizes=\"auto, (max-width: 300px) 100vw, 300px\" \/><\/a>Temat f\u00f6r i dag var majs. Inte helt l\u00e4tt att fotografera. Maken avskyr majs, s\u00e5 att k\u00f6pa en burk f\u00f6r att pl\u00e5ta skulle vara att kasta p\u00e4rlor f\u00f6r svin. N\u00e4r sedan m\u00e5let var att sv\u00e4nga f\u00f6rbi Fotom\u00e4ssan i \u00c4lvsj\u00f6 s\u00e5 var marginalerna att hitta n\u00e5gon majs att pl\u00e5ta r\u00e4tt sm\u00e5. Men som tur \u00e4r var det ju n\u00e5n annan som t\u00e4nkt till. En bild om dagen 2014-g\u00e4nget hade ordnat tr\u00e4ff vid Moderskeppets monter och givetvis fanns det \u00e4ven en n\u00e4ve majskolvar p\u00e5 plats. F\u00f6r dem av oss som inte planerat i f\u00f6rv\u00e4g&#8230;<\/p>\n<p>S\u00e5 det blev ju en bild \u00e4nd\u00e5! \ud83d\ude00 S\u00e5 ser det ut n\u00e4r vi fotograferar majs&#8230; Lite mer metabild \u00e4n majs, men vad tusan, de \u00e4r ju i bild.<\/p>\n","protected":false},"excerpt":{"rendered":"<p>Temat f\u00f6r i dag var majs. Inte helt l\u00e4tt att fotografera. Maken avskyr majs, s\u00e5 att k\u00f6pa en burk f\u00f6r att pl\u00e5ta skulle vara att kasta p\u00e4rlor f\u00f6r svin. N\u00e4r sedan m\u00e5let var att sv\u00e4nga f\u00f6rbi Fotom\u00e4ssan i \u00c4lvsj\u00f6 s\u00e5 var marginalerna att hitta n\u00e5gon majs att pl\u00e5ta r\u00e4tt sm\u00e5. Men som tur \u00e4r var [&hellip;]<\/p>\n","protected":false},"author":1,"featured_media":0,"comment_status":"open","ping_status":"open","sticky":false,"template":"","format":"standard","meta":{"ngg_post_thumbnail":0,"footnotes":""},"categories":[1],"tags":[],"class_list":["post-5944","post","type-post","status-publish","format-standard","hentry","category-uncategorized"],"_links":{"self":[{"href":"http:\/\/johannamortberg.se\/blogg\/wp-json\/wp\/v2\/posts\/5944","targetHints":{"allow":["GET"]}}],"collection":[{"href":"http:\/\/johannamortberg.se\/blogg\/wp-json\/wp\/v2\/posts"}],"about":[{"href":"http:\/\/johannamortberg.se\/blogg\/wp-json\/wp\/v2\/types\/post"}],"author":[{"embeddable":true,"href":"http:\/\/johannamortberg.se\/blogg\/wp-json\/wp\/v2\/users\/1"}],"replies":[{"embeddable":true,"href":"http:\/\/johannamortberg.se\/blogg\/wp-json\/wp\/v2\/comments?post=5944"}],"version-history":[{"count":1,"href":"http:\/\/johannamortberg.se\/blogg\/wp-json\/wp\/v2\/posts\/5944\/revisions"}],"predecessor-version":[{"id":5946,"href":"http:\/\/johannamortberg.se\/blogg\/wp-json\/wp\/v2\/posts\/5944\/revisions\/5946"}],"wp:attachment":[{"href":"http:\/\/johannamortberg.se\/blogg\/wp-json\/wp\/v2\/media?parent=5944"}],"wp:term":[{"taxonomy":"category","embeddable":true,"href":"http:\/\/johannamortberg.se\/blogg\/wp-json\/wp\/v2\/categories?post=5944"},{"taxonomy":"post_tag","embeddable":true,"href":"http:\/\/johannamortberg.se\/blogg\/wp-json\/wp\/v2\/tags?post=5944"}],"curies":[{"name":"wp","href":"https:\/\/api.w.org\/{rel}","templated":true}]}}