{"id":5935,"date":"2014-11-22T14:27:11","date_gmt":"2014-11-22T13:27:11","guid":{"rendered":"http:\/\/johannamortberg.se\/blogg\/?p=5935"},"modified":"2014-11-22T14:27:11","modified_gmt":"2014-11-22T13:27:11","slug":"trist","status":"publish","type":"post","link":"http:\/\/johannamortberg.se\/blogg\/2014\/11\/22\/trist\/","title":{"rendered":"Trist"},"content":{"rendered":"<p><a href=\"http:\/\/johannamortberg.se\/blogg\/files\/2014\/11\/20141122_tristw.jpg\"><img loading=\"lazy\" decoding=\"async\" class=\"alignleft size-medium wp-image-5936\" src=\"http:\/\/johannamortberg.se\/blogg\/files\/2014\/11\/20141122_tristw-300x300.jpg\" alt=\"20141122_tristw\" width=\"300\" height=\"300\" srcset=\"http:\/\/johannamortberg.se\/blogg\/files\/2014\/11\/20141122_tristw-300x300.jpg 300w, http:\/\/johannamortberg.se\/blogg\/files\/2014\/11\/20141122_tristw-150x150.jpg 150w, http:\/\/johannamortberg.se\/blogg\/files\/2014\/11\/20141122_tristw-144x144.jpg 144w, http:\/\/johannamortberg.se\/blogg\/files\/2014\/11\/20141122_tristw.jpg 400w\" sizes=\"auto, (max-width: 300px) 100vw, 300px\" \/><\/a>Dagens tema i fotoutmaningen #enbildomdagen2014 \u00e4r trist. Ganska l\u00e4tt s\u00e5 h\u00e4r i det gr\u00e5a november. V\u00e4dret \u00e4r gr\u00e4sligt. R\u00e4tt varmt, men s\u00e5 gr\u00e5tt och m\u00f6rkt. Sv\u00e5rt att fotografera n\u00e4r det \u00e4r s\u00e5 d\u00e5ligt ljus. Jag passar p\u00e5 att anv\u00e4nda en bild jag tog f\u00f6rra veckan n\u00e4r vi hade Photoshopkurs. Pl\u00e5tade lite utan s\u00e4rskild mening men den h\u00e4r bilden visar verkligen det gr\u00e5a landskapet. Den \u00e4r trist fast \u00e4nd\u00e5 lite fin. Natur blir ju s\u00e4llan verkligt trist.<\/p>\n","protected":false},"excerpt":{"rendered":"<p>Dagens tema i fotoutmaningen #enbildomdagen2014 \u00e4r trist. Ganska l\u00e4tt s\u00e5 h\u00e4r i det gr\u00e5a november. V\u00e4dret \u00e4r gr\u00e4sligt. R\u00e4tt varmt, men s\u00e5 gr\u00e5tt och m\u00f6rkt. Sv\u00e5rt att fotografera n\u00e4r det \u00e4r s\u00e5 d\u00e5ligt ljus. Jag passar p\u00e5 att anv\u00e4nda en bild jag tog f\u00f6rra veckan n\u00e4r vi hade Photoshopkurs. Pl\u00e5tade lite utan s\u00e4rskild mening men [&hellip;]<\/p>\n","protected":false},"author":1,"featured_media":0,"comment_status":"open","ping_status":"open","sticky":false,"template":"","format":"standard","meta":{"ngg_post_thumbnail":0,"footnotes":""},"categories":[1],"tags":[],"class_list":["post-5935","post","type-post","status-publish","format-standard","hentry","category-uncategorized"],"_links":{"self":[{"href":"http:\/\/johannamortberg.se\/blogg\/wp-json\/wp\/v2\/posts\/5935","targetHints":{"allow":["GET"]}}],"collection":[{"href":"http:\/\/johannamortberg.se\/blogg\/wp-json\/wp\/v2\/posts"}],"about":[{"href":"http:\/\/johannamortberg.se\/blogg\/wp-json\/wp\/v2\/types\/post"}],"author":[{"embeddable":true,"href":"http:\/\/johannamortberg.se\/blogg\/wp-json\/wp\/v2\/users\/1"}],"replies":[{"embeddable":true,"href":"http:\/\/johannamortberg.se\/blogg\/wp-json\/wp\/v2\/comments?post=5935"}],"version-history":[{"count":1,"href":"http:\/\/johannamortberg.se\/blogg\/wp-json\/wp\/v2\/posts\/5935\/revisions"}],"predecessor-version":[{"id":5937,"href":"http:\/\/johannamortberg.se\/blogg\/wp-json\/wp\/v2\/posts\/5935\/revisions\/5937"}],"wp:attachment":[{"href":"http:\/\/johannamortberg.se\/blogg\/wp-json\/wp\/v2\/media?parent=5935"}],"wp:term":[{"taxonomy":"category","embeddable":true,"href":"http:\/\/johannamortberg.se\/blogg\/wp-json\/wp\/v2\/categories?post=5935"},{"taxonomy":"post_tag","embeddable":true,"href":"http:\/\/johannamortberg.se\/blogg\/wp-json\/wp\/v2\/tags?post=5935"}],"curies":[{"name":"wp","href":"https:\/\/api.w.org\/{rel}","templated":true}]}}