{"id":5932,"date":"2014-11-19T09:00:48","date_gmt":"2014-11-19T08:00:48","guid":{"rendered":"http:\/\/johannamortberg.se\/blogg\/?p=5932"},"modified":"2014-11-18T15:58:26","modified_gmt":"2014-11-18T14:58:26","slug":"brod-3","status":"publish","type":"post","link":"http:\/\/johannamortberg.se\/blogg\/2014\/11\/19\/brod-3\/","title":{"rendered":"Br\u00f6d"},"content":{"rendered":"<p><a href=\"http:\/\/johannamortberg.se\/blogg\/files\/2014\/11\/20141119_brodw.jpg\"><img loading=\"lazy\" decoding=\"async\" class=\"alignleft size-medium wp-image-5933\" src=\"http:\/\/johannamortberg.se\/blogg\/files\/2014\/11\/20141119_brodw-199x300.jpg\" alt=\"20141119_brodw\" width=\"199\" height=\"300\" srcset=\"http:\/\/johannamortberg.se\/blogg\/files\/2014\/11\/20141119_brodw-199x300.jpg 199w, http:\/\/johannamortberg.se\/blogg\/files\/2014\/11\/20141119_brodw.jpg 399w\" sizes=\"auto, (max-width: 199px) 100vw, 199px\" \/><\/a>I dag var temaordet br\u00f6d. Pl\u00e4ttl\u00e4tt. \ud83d\ude00 S\u00e4rskilt som jag bakade i g\u00e5r s\u00e5 passade jag p\u00e5 att ta min bild i f\u00f6rskott. Vankas det nybakat s\u00e5 g\u00f6r det. Inget m\u00e4rkv\u00e4rdigt, ett rostbr\u00f6d gjort p\u00e5 j\u00e4st, vetemj\u00f6l, solrosfr\u00f6n, linfr\u00f6n och sesamfr\u00f6n. Men jag har faktiskt inte bakat det tidigare. En grej som jag st\u00f6r mig lite p\u00e5. Det \u00e4r verkligen j\u00e4ttefint med diverse olika fr\u00f6n utanp\u00e5 ett br\u00f6d. Verkligen. J\u00e4ttefint. Men i praktiken \u00e4r det ju helt hoppl\u00f6st. Man beh\u00f6ver ju bara titta p\u00e5 br\u00f6det s\u00e5 har man fr\u00f6n \u00f6ver hela k\u00f6ket. \u00d6verallt. P\u00e5 golvet. I sockorna. Och f\u00f6rs\u00f6ker man sk\u00e4ra br\u00f6det s\u00e5 har ju precis alla fr\u00f6n trillat av efter en millisekund utan att man f\u00e5r chans att \u00e4ta dem.<\/p>\n<p>S\u00e5 nej, jag brukar inte ha s\u00e5 mycket fr\u00f6n p\u00e5 mina br\u00f6d. Jag stoppar dem hellre i degen. S\u00e5 vet man var man har dem.<\/p>\n","protected":false},"excerpt":{"rendered":"<p>I dag var temaordet br\u00f6d. Pl\u00e4ttl\u00e4tt. \ud83d\ude00 S\u00e4rskilt som jag bakade i g\u00e5r s\u00e5 passade jag p\u00e5 att ta min bild i f\u00f6rskott. Vankas det nybakat s\u00e5 g\u00f6r det. Inget m\u00e4rkv\u00e4rdigt, ett rostbr\u00f6d gjort p\u00e5 j\u00e4st, vetemj\u00f6l, solrosfr\u00f6n, linfr\u00f6n och sesamfr\u00f6n. Men jag har faktiskt inte bakat det tidigare. En grej som jag st\u00f6r mig [&hellip;]<\/p>\n","protected":false},"author":1,"featured_media":0,"comment_status":"open","ping_status":"open","sticky":false,"template":"","format":"standard","meta":{"ngg_post_thumbnail":0,"footnotes":""},"categories":[1],"tags":[],"class_list":["post-5932","post","type-post","status-publish","format-standard","hentry","category-uncategorized"],"_links":{"self":[{"href":"http:\/\/johannamortberg.se\/blogg\/wp-json\/wp\/v2\/posts\/5932","targetHints":{"allow":["GET"]}}],"collection":[{"href":"http:\/\/johannamortberg.se\/blogg\/wp-json\/wp\/v2\/posts"}],"about":[{"href":"http:\/\/johannamortberg.se\/blogg\/wp-json\/wp\/v2\/types\/post"}],"author":[{"embeddable":true,"href":"http:\/\/johannamortberg.se\/blogg\/wp-json\/wp\/v2\/users\/1"}],"replies":[{"embeddable":true,"href":"http:\/\/johannamortberg.se\/blogg\/wp-json\/wp\/v2\/comments?post=5932"}],"version-history":[{"count":1,"href":"http:\/\/johannamortberg.se\/blogg\/wp-json\/wp\/v2\/posts\/5932\/revisions"}],"predecessor-version":[{"id":5934,"href":"http:\/\/johannamortberg.se\/blogg\/wp-json\/wp\/v2\/posts\/5932\/revisions\/5934"}],"wp:attachment":[{"href":"http:\/\/johannamortberg.se\/blogg\/wp-json\/wp\/v2\/media?parent=5932"}],"wp:term":[{"taxonomy":"category","embeddable":true,"href":"http:\/\/johannamortberg.se\/blogg\/wp-json\/wp\/v2\/categories?post=5932"},{"taxonomy":"post_tag","embeddable":true,"href":"http:\/\/johannamortberg.se\/blogg\/wp-json\/wp\/v2\/tags?post=5932"}],"curies":[{"name":"wp","href":"https:\/\/api.w.org\/{rel}","templated":true}]}}