{"id":5685,"date":"2014-09-11T19:08:46","date_gmt":"2014-09-11T17:08:46","guid":{"rendered":"http:\/\/johannamortberg.se\/blogg\/?p=5685"},"modified":"2014-09-12T19:12:40","modified_gmt":"2014-09-12T17:12:40","slug":"traning-2","status":"publish","type":"post","link":"http:\/\/johannamortberg.se\/blogg\/2014\/09\/11\/traning-2\/","title":{"rendered":"Tr\u00e4ning"},"content":{"rendered":"<p><a href=\"http:\/\/johannamortberg.se\/blogg\/files\/2014\/09\/20140911_traningw.jpg\"><img loading=\"lazy\" decoding=\"async\" class=\"alignleft size-medium wp-image-5686\" alt=\"20140911_traningw\" src=\"http:\/\/johannamortberg.se\/blogg\/files\/2014\/09\/20140911_traningw-300x200.jpg\" width=\"300\" height=\"200\" srcset=\"http:\/\/johannamortberg.se\/blogg\/files\/2014\/09\/20140911_traningw-300x200.jpg 300w, http:\/\/johannamortberg.se\/blogg\/files\/2014\/09\/20140911_traningw.jpg 600w\" sizes=\"auto, (max-width: 300px) 100vw, 300px\" \/><\/a>I dag var temat tr\u00e4ning. Pl\u00e4ttl\u00e4tt t\u00e4nkte jag eftersom vi ju hade karatetr\u00e4ning i dag. Det har jag ju pl\u00e5tat f\u00f6rr. Men det blev inte alls bra. Jag pl\u00e5tade i omkl\u00e4dningsrummet. Det var f\u00f6rf\u00e4rligt. Hade inte storkameran med s\u00e5 jag kunde inte pl\u00e5ta ordentligt p\u00e5 sj\u00e4lva tr\u00e4ningen heller f\u00f6r jag ville inte upprepa mig f\u00f6r mycket. S\u00e5 det blev att g\u00f6ra en helt annan bild. En arrangerad bild av att sticka ut och l\u00f6ptr\u00e4na. Sn\u00f6ra p\u00e5 sig skorna.<\/p>\n<p>Den blev r\u00e4tt fin faktiskt. Ibland har man tur med att ljuset faktiskt faller fint utan att man riktigt planerat f\u00f6r det. s\u00e5 var det denna g\u00e5ng. Jag brukar ju sitta p\u00e5 puffen i hallen n\u00e4r jag ska ta p\u00e5 mig dojorna f\u00f6r att sticka ut och springa.<\/p>\n","protected":false},"excerpt":{"rendered":"<p>I dag var temat tr\u00e4ning. Pl\u00e4ttl\u00e4tt t\u00e4nkte jag eftersom vi ju hade karatetr\u00e4ning i dag. Det har jag ju pl\u00e5tat f\u00f6rr. Men det blev inte alls bra. Jag pl\u00e5tade i omkl\u00e4dningsrummet. Det var f\u00f6rf\u00e4rligt. Hade inte storkameran med s\u00e5 jag kunde inte pl\u00e5ta ordentligt p\u00e5 sj\u00e4lva tr\u00e4ningen heller f\u00f6r jag ville inte upprepa mig f\u00f6r [&hellip;]<\/p>\n","protected":false},"author":1,"featured_media":0,"comment_status":"open","ping_status":"open","sticky":false,"template":"","format":"standard","meta":{"ngg_post_thumbnail":0,"footnotes":""},"categories":[1],"tags":[],"class_list":["post-5685","post","type-post","status-publish","format-standard","hentry","category-uncategorized"],"_links":{"self":[{"href":"http:\/\/johannamortberg.se\/blogg\/wp-json\/wp\/v2\/posts\/5685","targetHints":{"allow":["GET"]}}],"collection":[{"href":"http:\/\/johannamortberg.se\/blogg\/wp-json\/wp\/v2\/posts"}],"about":[{"href":"http:\/\/johannamortberg.se\/blogg\/wp-json\/wp\/v2\/types\/post"}],"author":[{"embeddable":true,"href":"http:\/\/johannamortberg.se\/blogg\/wp-json\/wp\/v2\/users\/1"}],"replies":[{"embeddable":true,"href":"http:\/\/johannamortberg.se\/blogg\/wp-json\/wp\/v2\/comments?post=5685"}],"version-history":[{"count":2,"href":"http:\/\/johannamortberg.se\/blogg\/wp-json\/wp\/v2\/posts\/5685\/revisions"}],"predecessor-version":[{"id":5688,"href":"http:\/\/johannamortberg.se\/blogg\/wp-json\/wp\/v2\/posts\/5685\/revisions\/5688"}],"wp:attachment":[{"href":"http:\/\/johannamortberg.se\/blogg\/wp-json\/wp\/v2\/media?parent=5685"}],"wp:term":[{"taxonomy":"category","embeddable":true,"href":"http:\/\/johannamortberg.se\/blogg\/wp-json\/wp\/v2\/categories?post=5685"},{"taxonomy":"post_tag","embeddable":true,"href":"http:\/\/johannamortberg.se\/blogg\/wp-json\/wp\/v2\/tags?post=5685"}],"curies":[{"name":"wp","href":"https:\/\/api.w.org\/{rel}","templated":true}]}}