{"id":5539,"date":"2014-07-29T11:49:49","date_gmt":"2014-07-29T09:49:49","guid":{"rendered":"http:\/\/johannamortberg.se\/blogg\/?p=5539"},"modified":"2014-08-04T11:52:49","modified_gmt":"2014-08-04T09:52:49","slug":"inspirerande","status":"publish","type":"post","link":"http:\/\/johannamortberg.se\/blogg\/2014\/07\/29\/inspirerande\/","title":{"rendered":"Inspirerande"},"content":{"rendered":"<p><a href=\"http:\/\/johannamortberg.se\/blogg\/files\/2014\/08\/20140729_inspirerandew.jpg\"><img loading=\"lazy\" decoding=\"async\" class=\"alignleft size-medium wp-image-5540\" alt=\"20140729_inspirerandew\" src=\"http:\/\/johannamortberg.se\/blogg\/files\/2014\/08\/20140729_inspirerandew-199x300.jpg\" width=\"199\" height=\"300\" srcset=\"http:\/\/johannamortberg.se\/blogg\/files\/2014\/08\/20140729_inspirerandew-199x300.jpg 199w, http:\/\/johannamortberg.se\/blogg\/files\/2014\/08\/20140729_inspirerandew.jpg 399w\" sizes=\"auto, (max-width: 199px) 100vw, 199px\" \/><\/a>Ordet f\u00f6r dagen var inspirerande. Sv\u00e5rt. Det \u00e4r inte l\u00e4tt att uttrycka n\u00e5got abstrakt i bild. Men det fick bli en n\u00e4rbild p\u00e5 kamerautrustning. Testade f\u00f6rst att pl\u00e5ta n\u00e5gra objektiv, men det var sv\u00e5rt att f\u00e5 bilden intressant. H\u00e4r tycker jag \u00e4nd\u00e5 att jag lyckats ganska bra. Det handlar ju om att vara p\u00e5, att bli upplyst, f\u00e5 id\u00e9er. De d\u00e4r symbolerna finns ju faktiskt p\u00e5 kameran. Sj\u00e4lva avtryckaren. S\u00e5 h\u00e4r blev det.<\/p>\n","protected":false},"excerpt":{"rendered":"<p>Ordet f\u00f6r dagen var inspirerande. Sv\u00e5rt. Det \u00e4r inte l\u00e4tt att uttrycka n\u00e5got abstrakt i bild. Men det fick bli en n\u00e4rbild p\u00e5 kamerautrustning. Testade f\u00f6rst att pl\u00e5ta n\u00e5gra objektiv, men det var sv\u00e5rt att f\u00e5 bilden intressant. H\u00e4r tycker jag \u00e4nd\u00e5 att jag lyckats ganska bra. Det handlar ju om att vara p\u00e5, att [&hellip;]<\/p>\n","protected":false},"author":1,"featured_media":0,"comment_status":"open","ping_status":"open","sticky":false,"template":"","format":"standard","meta":{"ngg_post_thumbnail":0,"footnotes":""},"categories":[26],"tags":[834],"class_list":["post-5539","post","type-post","status-publish","format-standard","hentry","category-fotografering","tag-kamera"],"_links":{"self":[{"href":"http:\/\/johannamortberg.se\/blogg\/wp-json\/wp\/v2\/posts\/5539","targetHints":{"allow":["GET"]}}],"collection":[{"href":"http:\/\/johannamortberg.se\/blogg\/wp-json\/wp\/v2\/posts"}],"about":[{"href":"http:\/\/johannamortberg.se\/blogg\/wp-json\/wp\/v2\/types\/post"}],"author":[{"embeddable":true,"href":"http:\/\/johannamortberg.se\/blogg\/wp-json\/wp\/v2\/users\/1"}],"replies":[{"embeddable":true,"href":"http:\/\/johannamortberg.se\/blogg\/wp-json\/wp\/v2\/comments?post=5539"}],"version-history":[{"count":2,"href":"http:\/\/johannamortberg.se\/blogg\/wp-json\/wp\/v2\/posts\/5539\/revisions"}],"predecessor-version":[{"id":5542,"href":"http:\/\/johannamortberg.se\/blogg\/wp-json\/wp\/v2\/posts\/5539\/revisions\/5542"}],"wp:attachment":[{"href":"http:\/\/johannamortberg.se\/blogg\/wp-json\/wp\/v2\/media?parent=5539"}],"wp:term":[{"taxonomy":"category","embeddable":true,"href":"http:\/\/johannamortberg.se\/blogg\/wp-json\/wp\/v2\/categories?post=5539"},{"taxonomy":"post_tag","embeddable":true,"href":"http:\/\/johannamortberg.se\/blogg\/wp-json\/wp\/v2\/tags?post=5539"}],"curies":[{"name":"wp","href":"https:\/\/api.w.org\/{rel}","templated":true}]}}