{"id":5501,"date":"2014-07-22T18:30:33","date_gmt":"2014-07-22T16:30:33","guid":{"rendered":"http:\/\/johannamortberg.se\/blogg\/?p=5501"},"modified":"2014-07-23T09:21:24","modified_gmt":"2014-07-23T07:21:24","slug":"nya-cykelklader","status":"publish","type":"post","link":"http:\/\/johannamortberg.se\/blogg\/2014\/07\/22\/nya-cykelklader\/","title":{"rendered":"Nya cykelkl\u00e4der"},"content":{"rendered":"<p><a href=\"http:\/\/johannamortberg.se\/blogg\/files\/2014\/07\/20140722_kl1821w.jpg\"><img loading=\"lazy\" decoding=\"async\" class=\"alignleft size-medium wp-image-5502\" alt=\"20140722_kl1821w\" src=\"http:\/\/johannamortberg.se\/blogg\/files\/2014\/07\/20140722_kl1821w-300x300.jpg\" width=\"300\" height=\"300\" srcset=\"http:\/\/johannamortberg.se\/blogg\/files\/2014\/07\/20140722_kl1821w-300x300.jpg 300w, http:\/\/johannamortberg.se\/blogg\/files\/2014\/07\/20140722_kl1821w-150x150.jpg 150w, http:\/\/johannamortberg.se\/blogg\/files\/2014\/07\/20140722_kl1821w-144x144.jpg 144w, http:\/\/johannamortberg.se\/blogg\/files\/2014\/07\/20140722_kl1821w.jpg 400w\" sizes=\"auto, (max-width: 300px) 100vw, 300px\" \/><\/a>\u00a0Maken och undertecknad har best\u00e4llt lite nya snygga cykelkl\u00e4der fr\u00e5n brittiska m\u00e4rket Morv\u00e9lo. Grymma tr\u00f6jor med lite retrolook. Jag k\u00f6pte ett par byxor, svarta med Bianchigr\u00f6na detaljer. (F\u00f6r att matcha hojen.) Har ocks\u00e5 k\u00f6pt en tr\u00f6ja i gr\u00f6nt och orange, som synes p\u00e5 bilden. Kan knappt b\u00e4rga mig tills jag f\u00e5r \u00e5ka ut och testa. Byxorna \u00e4r ganska tajta, men k\u00e4nns supersk\u00f6na. De har ocks\u00e5 rej\u00e4l stoppning vilket f\u00f6rhoppningsvis ska hj\u00e4lpa en novis som fortfarande kan bli ganska \u00f6m i de \u00e4dlaste delarna efter en tur.<\/p>\n<p>Hur som helst, det \u00e4r sjukt roligt med nya cykelkl\u00e4der, de \u00e4r s\u00e5 snygga och man k\u00e4nner sig lite lite proffsig n\u00e4r man har p\u00e5 sig dem&#8230; \ud83d\ude42<\/p>\n","protected":false},"excerpt":{"rendered":"<p>\u00a0Maken och undertecknad har best\u00e4llt lite nya snygga cykelkl\u00e4der fr\u00e5n brittiska m\u00e4rket Morv\u00e9lo. Grymma tr\u00f6jor med lite retrolook. Jag k\u00f6pte ett par byxor, svarta med Bianchigr\u00f6na detaljer. (F\u00f6r att matcha hojen.) Har ocks\u00e5 k\u00f6pt en tr\u00f6ja i gr\u00f6nt och orange, som synes p\u00e5 bilden. Kan knappt b\u00e4rga mig tills jag f\u00e5r \u00e5ka ut och testa. [&hellip;]<\/p>\n","protected":false},"author":1,"featured_media":0,"comment_status":"open","ping_status":"open","sticky":false,"template":"","format":"standard","meta":{"ngg_post_thumbnail":0,"footnotes":""},"categories":[691],"tags":[980],"class_list":["post-5501","post","type-post","status-publish","format-standard","hentry","category-cykling","tag-morvelo"],"_links":{"self":[{"href":"http:\/\/johannamortberg.se\/blogg\/wp-json\/wp\/v2\/posts\/5501","targetHints":{"allow":["GET"]}}],"collection":[{"href":"http:\/\/johannamortberg.se\/blogg\/wp-json\/wp\/v2\/posts"}],"about":[{"href":"http:\/\/johannamortberg.se\/blogg\/wp-json\/wp\/v2\/types\/post"}],"author":[{"embeddable":true,"href":"http:\/\/johannamortberg.se\/blogg\/wp-json\/wp\/v2\/users\/1"}],"replies":[{"embeddable":true,"href":"http:\/\/johannamortberg.se\/blogg\/wp-json\/wp\/v2\/comments?post=5501"}],"version-history":[{"count":2,"href":"http:\/\/johannamortberg.se\/blogg\/wp-json\/wp\/v2\/posts\/5501\/revisions"}],"predecessor-version":[{"id":5504,"href":"http:\/\/johannamortberg.se\/blogg\/wp-json\/wp\/v2\/posts\/5501\/revisions\/5504"}],"wp:attachment":[{"href":"http:\/\/johannamortberg.se\/blogg\/wp-json\/wp\/v2\/media?parent=5501"}],"wp:term":[{"taxonomy":"category","embeddable":true,"href":"http:\/\/johannamortberg.se\/blogg\/wp-json\/wp\/v2\/categories?post=5501"},{"taxonomy":"post_tag","embeddable":true,"href":"http:\/\/johannamortberg.se\/blogg\/wp-json\/wp\/v2\/tags?post=5501"}],"curies":[{"name":"wp","href":"https:\/\/api.w.org\/{rel}","templated":true}]}}