{"id":5483,"date":"2014-07-17T12:04:17","date_gmt":"2014-07-17T10:04:17","guid":{"rendered":"http:\/\/johannamortberg.se\/blogg\/?p=5483"},"modified":"2014-07-17T12:04:17","modified_gmt":"2014-07-17T10:04:17","slug":"somn","status":"publish","type":"post","link":"http:\/\/johannamortberg.se\/blogg\/2014\/07\/17\/somn\/","title":{"rendered":"S\u00f6mn"},"content":{"rendered":"<p><a href=\"http:\/\/johannamortberg.se\/blogg\/files\/2014\/07\/20140717_somnw.jpg\"><img loading=\"lazy\" decoding=\"async\" class=\"alignleft size-medium wp-image-5484\" alt=\"20140717_somnw\" src=\"http:\/\/johannamortberg.se\/blogg\/files\/2014\/07\/20140717_somnw-300x196.jpg\" width=\"300\" height=\"196\" srcset=\"http:\/\/johannamortberg.se\/blogg\/files\/2014\/07\/20140717_somnw-300x196.jpg 300w, http:\/\/johannamortberg.se\/blogg\/files\/2014\/07\/20140717_somnw.jpg 600w\" sizes=\"auto, (max-width: 300px) 100vw, 300px\" \/><\/a>I dag var temat s\u00f6mn. Lite ironiskt, f\u00f6r jag var sjukt tr\u00f6tt p\u00e5 morgonen efter att ha jobbat natt i sex dagar. Det hade v\u00e4l varit coolt att ta en bild p\u00e5 sovande personer, men jag orkade helt enkelt inte g\u00e5 upp, trassla med stativet och f\u00f6rs\u00f6ka f\u00e5 till det. Maken hade ju dessutom redan g\u00e5tt till jobbet, s\u00e5 det var bara jag hemma. Min fj\u00e4rrkontroll till kameran har ocks\u00e5 slutat funka, s\u00e5 det k\u00e4ndes som en o\u00f6verstiglig uppgift att ta sj\u00e4lvportr\u00e4tt av en l\u00e5tsassovare.<\/p>\n<p>Det fick bli en s\u00e4ngbild n\u00e4r jag v\u00e4l orkat masa mig upp. Underexponerat och m\u00f6rkt, men jag gillar den lite dova tonen. Det \u00e4r ju m\u00f6rkt n\u00e4r man sover. Jaja. K\u00e4nns dock lite orov\u00e4ckande att jag har ont om inspiration. Dagarna \u00e4r korta eftersom jag jobbar mycket nu och tiden saknas f\u00f6r ordentlig eftertanke kring bildid\u00e9erna. Det k\u00e4nns just nu mer kravfyllt \u00e4n lustfyllt. F\u00e5r se om det ger sig.<\/p>\n","protected":false},"excerpt":{"rendered":"<p>I dag var temat s\u00f6mn. Lite ironiskt, f\u00f6r jag var sjukt tr\u00f6tt p\u00e5 morgonen efter att ha jobbat natt i sex dagar. Det hade v\u00e4l varit coolt att ta en bild p\u00e5 sovande personer, men jag orkade helt enkelt inte g\u00e5 upp, trassla med stativet och f\u00f6rs\u00f6ka f\u00e5 till det. Maken hade ju dessutom redan [&hellip;]<\/p>\n","protected":false},"author":1,"featured_media":0,"comment_status":"open","ping_status":"open","sticky":false,"template":"","format":"standard","meta":{"ngg_post_thumbnail":0,"footnotes":""},"categories":[26],"tags":[],"class_list":["post-5483","post","type-post","status-publish","format-standard","hentry","category-fotografering"],"_links":{"self":[{"href":"http:\/\/johannamortberg.se\/blogg\/wp-json\/wp\/v2\/posts\/5483","targetHints":{"allow":["GET"]}}],"collection":[{"href":"http:\/\/johannamortberg.se\/blogg\/wp-json\/wp\/v2\/posts"}],"about":[{"href":"http:\/\/johannamortberg.se\/blogg\/wp-json\/wp\/v2\/types\/post"}],"author":[{"embeddable":true,"href":"http:\/\/johannamortberg.se\/blogg\/wp-json\/wp\/v2\/users\/1"}],"replies":[{"embeddable":true,"href":"http:\/\/johannamortberg.se\/blogg\/wp-json\/wp\/v2\/comments?post=5483"}],"version-history":[{"count":1,"href":"http:\/\/johannamortberg.se\/blogg\/wp-json\/wp\/v2\/posts\/5483\/revisions"}],"predecessor-version":[{"id":5485,"href":"http:\/\/johannamortberg.se\/blogg\/wp-json\/wp\/v2\/posts\/5483\/revisions\/5485"}],"wp:attachment":[{"href":"http:\/\/johannamortberg.se\/blogg\/wp-json\/wp\/v2\/media?parent=5483"}],"wp:term":[{"taxonomy":"category","embeddable":true,"href":"http:\/\/johannamortberg.se\/blogg\/wp-json\/wp\/v2\/categories?post=5483"},{"taxonomy":"post_tag","embeddable":true,"href":"http:\/\/johannamortberg.se\/blogg\/wp-json\/wp\/v2\/tags?post=5483"}],"curies":[{"name":"wp","href":"https:\/\/api.w.org\/{rel}","templated":true}]}}