{"id":5473,"date":"2014-07-13T10:42:49","date_gmt":"2014-07-13T08:42:49","guid":{"rendered":"http:\/\/johannamortberg.se\/blogg\/?p=5473"},"modified":"2014-07-13T10:42:49","modified_gmt":"2014-07-13T08:42:49","slug":"lov","status":"publish","type":"post","link":"http:\/\/johannamortberg.se\/blogg\/2014\/07\/13\/lov\/","title":{"rendered":"L\u00f6v"},"content":{"rendered":"<div id=\"attachment_5474\" style=\"width: 209px\" class=\"wp-caption alignleft\"><a href=\"http:\/\/johannamortberg.se\/blogg\/files\/2014\/07\/20140713_lovwjm.jpg\"><img loading=\"lazy\" decoding=\"async\" aria-describedby=\"caption-attachment-5474\" class=\"size-medium wp-image-5474\" alt=\"Aspl\u00f6v\" src=\"http:\/\/johannamortberg.se\/blogg\/files\/2014\/07\/20140713_lovwjm-199x300.jpg\" width=\"199\" height=\"300\" srcset=\"http:\/\/johannamortberg.se\/blogg\/files\/2014\/07\/20140713_lovwjm-199x300.jpg 199w, http:\/\/johannamortberg.se\/blogg\/files\/2014\/07\/20140713_lovwjm.jpg 399w\" sizes=\"auto, (max-width: 199px) 100vw, 199px\" \/><\/a><p id=\"caption-attachment-5474\" class=\"wp-caption-text\">Aspl\u00f6v<\/p><\/div>\n<p>Dagens ord att fotografera var l\u00f6v. Jag var ute h\u00e4romdagen f\u00f6r att ta bilder och testade lite olika varianter. Jag hade helst velat ta en bild p\u00e5 solfl\u00e4ckiga l\u00f6v d\u00e4r man ser \u00e5dringen i bladen p\u00e5 ett fint s\u00e4tt. Det var inte s\u00e5 l\u00e4tt att f\u00e5 till bilder som stod ut tillr\u00e4ckligt mot bakgrunden och framf\u00f6r allt var fina. M\u00e5nga var mask\u00e4tna, fl\u00e4ckiga eller p\u00e5 annat s\u00e4tt lite fula. Jag provade allt i fr\u00e5n ekl\u00f6v till al, asp och kastanj. Kastanj hade varit fint eftersom de har s\u00e5n l\u00e4cker form, men de bladen var gr\u00e4sligt fula. Till slut fick jag n\u00f6ja mig med aspl\u00f6v. Jag har en id\u00e9 jag inte lyckats genomf\u00f6ra som jag vill prova mer noggrant, att f\u00f6rs\u00f6ka pl\u00e5ta aspl\u00f6v n\u00e4r det bl\u00e5ser, s\u00e5 man f\u00e5r den d\u00e4r k\u00e4nslan av att de \u00e4r som mynt som fladdrar. Den d\u00e4r runda, liksom silvriga k\u00e4nslan. Har inte lyckats, men f\u00e5r v\u00e4l f\u00f6rs\u00f6ka igen vid tillf\u00e4lle.<\/p>\n","protected":false},"excerpt":{"rendered":"<p>Dagens ord att fotografera var l\u00f6v. Jag var ute h\u00e4romdagen f\u00f6r att ta bilder och testade lite olika varianter. Jag hade helst velat ta en bild p\u00e5 solfl\u00e4ckiga l\u00f6v d\u00e4r man ser \u00e5dringen i bladen p\u00e5 ett fint s\u00e4tt. Det var inte s\u00e5 l\u00e4tt att f\u00e5 till bilder som stod ut tillr\u00e4ckligt mot bakgrunden och [&hellip;]<\/p>\n","protected":false},"author":1,"featured_media":0,"comment_status":"open","ping_status":"open","sticky":false,"template":"","format":"standard","meta":{"ngg_post_thumbnail":0,"footnotes":""},"categories":[26],"tags":[977],"class_list":["post-5473","post","type-post","status-publish","format-standard","hentry","category-fotografering","tag-asp"],"_links":{"self":[{"href":"http:\/\/johannamortberg.se\/blogg\/wp-json\/wp\/v2\/posts\/5473","targetHints":{"allow":["GET"]}}],"collection":[{"href":"http:\/\/johannamortberg.se\/blogg\/wp-json\/wp\/v2\/posts"}],"about":[{"href":"http:\/\/johannamortberg.se\/blogg\/wp-json\/wp\/v2\/types\/post"}],"author":[{"embeddable":true,"href":"http:\/\/johannamortberg.se\/blogg\/wp-json\/wp\/v2\/users\/1"}],"replies":[{"embeddable":true,"href":"http:\/\/johannamortberg.se\/blogg\/wp-json\/wp\/v2\/comments?post=5473"}],"version-history":[{"count":1,"href":"http:\/\/johannamortberg.se\/blogg\/wp-json\/wp\/v2\/posts\/5473\/revisions"}],"predecessor-version":[{"id":5475,"href":"http:\/\/johannamortberg.se\/blogg\/wp-json\/wp\/v2\/posts\/5473\/revisions\/5475"}],"wp:attachment":[{"href":"http:\/\/johannamortberg.se\/blogg\/wp-json\/wp\/v2\/media?parent=5473"}],"wp:term":[{"taxonomy":"category","embeddable":true,"href":"http:\/\/johannamortberg.se\/blogg\/wp-json\/wp\/v2\/categories?post=5473"},{"taxonomy":"post_tag","embeddable":true,"href":"http:\/\/johannamortberg.se\/blogg\/wp-json\/wp\/v2\/tags?post=5473"}],"curies":[{"name":"wp","href":"https:\/\/api.w.org\/{rel}","templated":true}]}}