{"id":5466,"date":"2014-07-11T11:28:05","date_gmt":"2014-07-11T09:28:05","guid":{"rendered":"http:\/\/johannamortberg.se\/blogg\/?p=5466"},"modified":"2014-07-11T11:28:05","modified_gmt":"2014-07-11T09:28:05","slug":"tystnad","status":"publish","type":"post","link":"http:\/\/johannamortberg.se\/blogg\/2014\/07\/11\/tystnad\/","title":{"rendered":"Tystnad"},"content":{"rendered":"<div id=\"attachment_5467\" style=\"width: 209px\" class=\"wp-caption alignleft\"><a href=\"http:\/\/johannamortberg.se\/blogg\/files\/2014\/07\/20140711_tystnadwjm.jpg\"><img loading=\"lazy\" decoding=\"async\" aria-describedby=\"caption-attachment-5467\" class=\"size-medium wp-image-5467\" alt=\"St\u00f6rsta m\u00f6jliga tysssssstnad!\" src=\"http:\/\/johannamortberg.se\/blogg\/files\/2014\/07\/20140711_tystnadwjm-199x300.jpg\" width=\"199\" height=\"300\" srcset=\"http:\/\/johannamortberg.se\/blogg\/files\/2014\/07\/20140711_tystnadwjm-199x300.jpg 199w, http:\/\/johannamortberg.se\/blogg\/files\/2014\/07\/20140711_tystnadwjm.jpg 399w\" sizes=\"auto, (max-width: 199px) 100vw, 199px\" \/><\/a><p id=\"caption-attachment-5467\" class=\"wp-caption-text\">St\u00f6rsta m\u00f6jliga tysssssstnad!<\/p><\/div>\n<p>I dag var ordet f\u00f6r dagen tystnad. Jag hamnade som s\u00e5 m\u00e5nga andra i gruppen i den enkla l\u00f6sningen. Att hyssja. En s\u00e5 typisk gest att det inte \u00e4r n\u00e5gon tvekan om vad den betyder. Inte n\u00e5gon originell bildid\u00e9 kanske, men den kan inte misstolkas. Jag gjorde bilden med lite retrotouch och tonade den i gult och r\u00f6tt. Det blev lite fint tycker jag. Sk\u00f6n f\u00e4rgskala liksom.<\/p>\n","protected":false},"excerpt":{"rendered":"<p>I dag var ordet f\u00f6r dagen tystnad. Jag hamnade som s\u00e5 m\u00e5nga andra i gruppen i den enkla l\u00f6sningen. Att hyssja. En s\u00e5 typisk gest att det inte \u00e4r n\u00e5gon tvekan om vad den betyder. Inte n\u00e5gon originell bildid\u00e9 kanske, men den kan inte misstolkas. Jag gjorde bilden med lite retrotouch och tonade den i [&hellip;]<\/p>\n","protected":false},"author":1,"featured_media":0,"comment_status":"open","ping_status":"open","sticky":false,"template":"","format":"standard","meta":{"ngg_post_thumbnail":0,"footnotes":""},"categories":[26],"tags":[],"class_list":["post-5466","post","type-post","status-publish","format-standard","hentry","category-fotografering"],"_links":{"self":[{"href":"http:\/\/johannamortberg.se\/blogg\/wp-json\/wp\/v2\/posts\/5466","targetHints":{"allow":["GET"]}}],"collection":[{"href":"http:\/\/johannamortberg.se\/blogg\/wp-json\/wp\/v2\/posts"}],"about":[{"href":"http:\/\/johannamortberg.se\/blogg\/wp-json\/wp\/v2\/types\/post"}],"author":[{"embeddable":true,"href":"http:\/\/johannamortberg.se\/blogg\/wp-json\/wp\/v2\/users\/1"}],"replies":[{"embeddable":true,"href":"http:\/\/johannamortberg.se\/blogg\/wp-json\/wp\/v2\/comments?post=5466"}],"version-history":[{"count":2,"href":"http:\/\/johannamortberg.se\/blogg\/wp-json\/wp\/v2\/posts\/5466\/revisions"}],"predecessor-version":[{"id":5469,"href":"http:\/\/johannamortberg.se\/blogg\/wp-json\/wp\/v2\/posts\/5466\/revisions\/5469"}],"wp:attachment":[{"href":"http:\/\/johannamortberg.se\/blogg\/wp-json\/wp\/v2\/media?parent=5466"}],"wp:term":[{"taxonomy":"category","embeddable":true,"href":"http:\/\/johannamortberg.se\/blogg\/wp-json\/wp\/v2\/categories?post=5466"},{"taxonomy":"post_tag","embeddable":true,"href":"http:\/\/johannamortberg.se\/blogg\/wp-json\/wp\/v2\/tags?post=5466"}],"curies":[{"name":"wp","href":"https:\/\/api.w.org\/{rel}","templated":true}]}}