{"id":5435,"date":"2014-07-03T18:28:02","date_gmt":"2014-07-03T16:28:02","guid":{"rendered":"http:\/\/johannamortberg.se\/blogg\/?p=5435"},"modified":"2014-07-06T18:28:46","modified_gmt":"2014-07-06T16:28:46","slug":"perspektiv","status":"publish","type":"post","link":"http:\/\/johannamortberg.se\/blogg\/2014\/07\/03\/perspektiv\/","title":{"rendered":"Perspektiv"},"content":{"rendered":"<p><a href=\"http:\/\/johannamortberg.se\/blogg\/files\/2014\/07\/20140703_perspektivw.jpg\"><img loading=\"lazy\" decoding=\"async\" class=\"alignleft size-medium wp-image-5436\" alt=\"20140703_perspektivw\" src=\"http:\/\/johannamortberg.se\/blogg\/files\/2014\/07\/20140703_perspektivw-300x300.jpg\" width=\"300\" height=\"300\" srcset=\"http:\/\/johannamortberg.se\/blogg\/files\/2014\/07\/20140703_perspektivw-300x300.jpg 300w, http:\/\/johannamortberg.se\/blogg\/files\/2014\/07\/20140703_perspektivw-150x150.jpg 150w, http:\/\/johannamortberg.se\/blogg\/files\/2014\/07\/20140703_perspektivw-144x144.jpg 144w, http:\/\/johannamortberg.se\/blogg\/files\/2014\/07\/20140703_perspektivw.jpg 400w\" sizes=\"auto, (max-width: 300px) 100vw, 300px\" \/><\/a>I dag var ordet perspektiv. Jag funderade att ta en bild p\u00e5 j\u00e4rnv\u00e4gen i Ruskola. Den \u00e4r ju sedan l\u00e4nge riven, men stigen som \u00e5terst\u00e5r anv\u00e4nds som promenadslinga. Slyet har v\u00e4xt sig h\u00f6gt s\u00e5 det \u00e4r n\u00e4stan som att g\u00e5 i en tunnel. Men hur det nu var s\u00e5 blev den bilden inte tagen. Jag hade helt enkelt inte mobilen\/kameran med n\u00e4r jag gick p\u00e5 hundpromenad d\u00e4r.\u00a0 S\u00e5 i st\u00e4llet fick det bli en helt annan bild. Grodperspektiv i rummet, men den underbara lampan. Jag gillar den verkligen. Men bildid\u00e9n \u00e4r inte revolutionerande p\u00e5 n\u00e5got s\u00e4tt. Kanske lite tr\u00e5kig, men det blev i alla fall en bild.<\/p>\n","protected":false},"excerpt":{"rendered":"<p>I dag var ordet perspektiv. Jag funderade att ta en bild p\u00e5 j\u00e4rnv\u00e4gen i Ruskola. Den \u00e4r ju sedan l\u00e4nge riven, men stigen som \u00e5terst\u00e5r anv\u00e4nds som promenadslinga. Slyet har v\u00e4xt sig h\u00f6gt s\u00e5 det \u00e4r n\u00e4stan som att g\u00e5 i en tunnel. Men hur det nu var s\u00e5 blev den bilden inte tagen. Jag [&hellip;]<\/p>\n","protected":false},"author":1,"featured_media":0,"comment_status":"open","ping_status":"open","sticky":false,"template":"","format":"standard","meta":{"ngg_post_thumbnail":0,"footnotes":""},"categories":[26],"tags":[],"class_list":["post-5435","post","type-post","status-publish","format-standard","hentry","category-fotografering"],"_links":{"self":[{"href":"http:\/\/johannamortberg.se\/blogg\/wp-json\/wp\/v2\/posts\/5435","targetHints":{"allow":["GET"]}}],"collection":[{"href":"http:\/\/johannamortberg.se\/blogg\/wp-json\/wp\/v2\/posts"}],"about":[{"href":"http:\/\/johannamortberg.se\/blogg\/wp-json\/wp\/v2\/types\/post"}],"author":[{"embeddable":true,"href":"http:\/\/johannamortberg.se\/blogg\/wp-json\/wp\/v2\/users\/1"}],"replies":[{"embeddable":true,"href":"http:\/\/johannamortberg.se\/blogg\/wp-json\/wp\/v2\/comments?post=5435"}],"version-history":[{"count":2,"href":"http:\/\/johannamortberg.se\/blogg\/wp-json\/wp\/v2\/posts\/5435\/revisions"}],"predecessor-version":[{"id":5438,"href":"http:\/\/johannamortberg.se\/blogg\/wp-json\/wp\/v2\/posts\/5435\/revisions\/5438"}],"wp:attachment":[{"href":"http:\/\/johannamortberg.se\/blogg\/wp-json\/wp\/v2\/media?parent=5435"}],"wp:term":[{"taxonomy":"category","embeddable":true,"href":"http:\/\/johannamortberg.se\/blogg\/wp-json\/wp\/v2\/categories?post=5435"},{"taxonomy":"post_tag","embeddable":true,"href":"http:\/\/johannamortberg.se\/blogg\/wp-json\/wp\/v2\/tags?post=5435"}],"curies":[{"name":"wp","href":"https:\/\/api.w.org\/{rel}","templated":true}]}}