{"id":5412,"date":"2014-06-28T17:46:37","date_gmt":"2014-06-28T15:46:37","guid":{"rendered":"http:\/\/johannamortberg.se\/blogg\/?p=5412"},"modified":"2014-06-28T17:46:37","modified_gmt":"2014-06-28T15:46:37","slug":"lila","status":"publish","type":"post","link":"http:\/\/johannamortberg.se\/blogg\/2014\/06\/28\/lila\/","title":{"rendered":"Lila"},"content":{"rendered":"<p><a href=\"http:\/\/johannamortberg.se\/blogg\/files\/2014\/06\/20140628_lila1wjm.jpg\"><img loading=\"lazy\" decoding=\"async\" class=\"alignleft size-medium wp-image-5414\" alt=\"20140628_lila1wjm\" src=\"http:\/\/johannamortberg.se\/blogg\/files\/2014\/06\/20140628_lila1wjm-300x199.jpg\" width=\"300\" height=\"199\" srcset=\"http:\/\/johannamortberg.se\/blogg\/files\/2014\/06\/20140628_lila1wjm-300x199.jpg 300w, http:\/\/johannamortberg.se\/blogg\/files\/2014\/06\/20140628_lila1wjm.jpg 600w\" sizes=\"auto, (max-width: 300px) 100vw, 300px\" \/><\/a>I dag var temaordet lila. Efter en titt i Facebookgruppen visade det sig att m\u00e5nga av de andra fotograferade blommor, glas, smycken eller andra ting i n\u00e4rheten som var lila. Solnedg\u00e5ngar var ocks\u00e5 ett typexempel. Jag f\u00f6rs\u00f6kte t\u00e4nka p\u00e5 vad jag har som \u00e4r lila, men det \u00e4r inte s\u00e5 f\u00f6rf\u00e4rligt mycket faktiskt. Tills jag ins\u00e5g att jag ju faktiskt har en del kl\u00e4desplagg som \u00e4r lila. S\u00e5 d\u00e5 var det bara att plocka fram makrogluggen. P\u00e5 min kofta med blanka knappar provade jag mig fram och hittade en bild som jag tycker blev ganska bra. S\u00e5 h\u00e4r i efterhand inser jag att det hade varit r\u00e4tt coolt att pl\u00e5ta en massa \u00f6gonskuggor i lila nyanser. Om jag hade haft n\u00e5gra. Fast jag kunde ju f\u00f6rst\u00e5s bett om lov att pl\u00e5ta i en butik.<\/p>\n<p>N\u00e5. Det h\u00e4r blev budgetversionen. Den funkar f\u00f6r mig. Det \u00e4r ju tvekl\u00f6st lila.<\/p>\n","protected":false},"excerpt":{"rendered":"<p>I dag var temaordet lila. Efter en titt i Facebookgruppen visade det sig att m\u00e5nga av de andra fotograferade blommor, glas, smycken eller andra ting i n\u00e4rheten som var lila. Solnedg\u00e5ngar var ocks\u00e5 ett typexempel. Jag f\u00f6rs\u00f6kte t\u00e4nka p\u00e5 vad jag har som \u00e4r lila, men det \u00e4r inte s\u00e5 f\u00f6rf\u00e4rligt mycket faktiskt. Tills jag [&hellip;]<\/p>\n","protected":false},"author":1,"featured_media":0,"comment_status":"open","ping_status":"open","sticky":false,"template":"","format":"standard","meta":{"ngg_post_thumbnail":0,"footnotes":""},"categories":[26],"tags":[],"class_list":["post-5412","post","type-post","status-publish","format-standard","hentry","category-fotografering"],"_links":{"self":[{"href":"http:\/\/johannamortberg.se\/blogg\/wp-json\/wp\/v2\/posts\/5412","targetHints":{"allow":["GET"]}}],"collection":[{"href":"http:\/\/johannamortberg.se\/blogg\/wp-json\/wp\/v2\/posts"}],"about":[{"href":"http:\/\/johannamortberg.se\/blogg\/wp-json\/wp\/v2\/types\/post"}],"author":[{"embeddable":true,"href":"http:\/\/johannamortberg.se\/blogg\/wp-json\/wp\/v2\/users\/1"}],"replies":[{"embeddable":true,"href":"http:\/\/johannamortberg.se\/blogg\/wp-json\/wp\/v2\/comments?post=5412"}],"version-history":[{"count":3,"href":"http:\/\/johannamortberg.se\/blogg\/wp-json\/wp\/v2\/posts\/5412\/revisions"}],"predecessor-version":[{"id":5416,"href":"http:\/\/johannamortberg.se\/blogg\/wp-json\/wp\/v2\/posts\/5412\/revisions\/5416"}],"wp:attachment":[{"href":"http:\/\/johannamortberg.se\/blogg\/wp-json\/wp\/v2\/media?parent=5412"}],"wp:term":[{"taxonomy":"category","embeddable":true,"href":"http:\/\/johannamortberg.se\/blogg\/wp-json\/wp\/v2\/categories?post=5412"},{"taxonomy":"post_tag","embeddable":true,"href":"http:\/\/johannamortberg.se\/blogg\/wp-json\/wp\/v2\/tags?post=5412"}],"curies":[{"name":"wp","href":"https:\/\/api.w.org\/{rel}","templated":true}]}}