{"id":5320,"date":"2014-06-09T20:39:06","date_gmt":"2014-06-09T18:39:06","guid":{"rendered":"http:\/\/johannamortberg.se\/blogg\/?p=5320"},"modified":"2014-06-10T11:50:04","modified_gmt":"2014-06-10T09:50:04","slug":"en-bild-om-dagen","status":"publish","type":"post","link":"http:\/\/johannamortberg.se\/blogg\/2014\/06\/09\/en-bild-om-dagen\/","title":{"rendered":"En bild om dagen"},"content":{"rendered":"<div id=\"attachment_5321\" style=\"width: 209px\" class=\"wp-caption alignleft\"><a href=\"http:\/\/johannamortberg.se\/blogg\/files\/2014\/06\/20140609_silhuett_wjm.jpg\"><img loading=\"lazy\" decoding=\"async\" aria-describedby=\"caption-attachment-5321\" class=\"size-medium wp-image-5321\" alt=\"Sj\u00e4lvportr\u00e4tt.\" src=\"http:\/\/johannamortberg.se\/blogg\/files\/2014\/06\/20140609_silhuett_wjm-199x300.jpg\" width=\"199\" height=\"300\" srcset=\"http:\/\/johannamortberg.se\/blogg\/files\/2014\/06\/20140609_silhuett_wjm-199x300.jpg 199w, http:\/\/johannamortberg.se\/blogg\/files\/2014\/06\/20140609_silhuett_wjm.jpg 399w\" sizes=\"auto, (max-width: 199px) 100vw, 199px\" \/><\/a><p id=\"caption-attachment-5321\" class=\"wp-caption-text\">Sj\u00e4lvportr\u00e4tt.<\/p><\/div>\n<p>Har efter tips av min kompis U g\u00e5tt med i en grupp p\u00e5 Facebook d\u00e4r medlemmarna har i uppdrag att fotografera en bild om dagen. Fotografen Tobias Fischer (kolla in hans sajt <a href=\"http:\/\/tobiasfischer.se\/\" target=\"_blank\">h\u00e4r<\/a>) har startat gruppen som ett s\u00e4tt f\u00f6r folk att pl\u00e5ta mer i vardagen. Han har lagt upp ett nytt tema f\u00f6r varje dag och det \u00e4r bara att g\u00e5 loss. Ambitionsniv\u00e5 v\u00e4ljer man helt sj\u00e4lv. Liksom hur ofta man pl\u00e5tar.<\/p>\n<p>Hur som helst, temat denna min f\u00f6rsta dag var silhuett. Skitl\u00e4tt t\u00e4nker man f\u00f6rst, och sen &#8230; n\u00e4, inte alls. Det blev en ganska simpel bildid\u00e9 f\u00f6r min del, men ibland m\u00e5ste man f\u00e5 b\u00f6rja enkelt. Och sedan f\u00f6rhoppningsvis satsa mer n\u00e4r man har mer tid. Hur som helst s\u00e5 kan ju sj\u00e4lva utf\u00f6randet och bildbehandlingen ocks\u00e5 bidra till att det blir ett gott slutresultat.<\/p>\n<p>Jag vet inte riktigt om jag kommer att hinna pl\u00e5ta en bild om dagen, men jag ska f\u00f6rs\u00f6ka. Man f\u00e5r pl\u00e5ta i f\u00f6rv\u00e4g om man vill, s\u00e5 kanske jag f\u00f6rs\u00f6ker att ta flera bilder n\u00e4r jag vet att det kommer att bli k\u00f6rigt s\u00e5 jag kan gardera mig.<\/p>\n<p>Det \u00e4r i alla fall roligt att inspireras! Man kan kolla de andras bilder i FB-gruppen och s\u00e5 klart kan man kika p\u00e5 Fischers bilder. Han l\u00e4gger ocks\u00e5 upp egna p\u00e5 sin sajt.<\/p>\n<p>F\u00f6r \u00f6vrigt har mina fotov\u00e4nner ocks\u00e5 dragit i g\u00e5ng ett bildprojekt. Meningen \u00e4r att v\u00e4lja en l\u00e5t och s\u00e5 har vi en vecka p\u00e5 oss att pl\u00e5ta l\u00e5ten. P\u00e5 n\u00e5got s\u00e4tt f\u00e5nga vad vi h\u00f6r i musiken, t\u00e4nka skivomslag eller en k\u00e4nsla. F\u00f6rsta l\u00e5ten \u00e4r \u201dSo good to me\u201d med Chris Malinchak. En f\u00f6r mig helt ok\u00e4nd artist. Jag g\u00e5r fortfarande och ruvar p\u00e5 bildid\u00e9n, men jag har n\u00e5gra uppslag. Detta kr\u00e4ver ju lite mer \u00e4n En bild om dagen, men det ska bli kul. Hur som helst s\u00e4tter det i g\u00e5ng hj\u00e4rnan&#8230;<\/p>\n","protected":false},"excerpt":{"rendered":"<p>Har efter tips av min kompis U g\u00e5tt med i en grupp p\u00e5 Facebook d\u00e4r medlemmarna har i uppdrag att fotografera en bild om dagen. Fotografen Tobias Fischer (kolla in hans sajt h\u00e4r) har startat gruppen som ett s\u00e4tt f\u00f6r folk att pl\u00e5ta mer i vardagen. Han har lagt upp ett nytt tema f\u00f6r varje [&hellip;]<\/p>\n","protected":false},"author":1,"featured_media":0,"comment_status":"open","ping_status":"open","sticky":false,"template":"","format":"standard","meta":{"ngg_post_thumbnail":0,"footnotes":""},"categories":[26],"tags":[956],"class_list":["post-5320","post","type-post","status-publish","format-standard","hentry","category-fotografering","tag-en-bild-om-dagen"],"_links":{"self":[{"href":"http:\/\/johannamortberg.se\/blogg\/wp-json\/wp\/v2\/posts\/5320","targetHints":{"allow":["GET"]}}],"collection":[{"href":"http:\/\/johannamortberg.se\/blogg\/wp-json\/wp\/v2\/posts"}],"about":[{"href":"http:\/\/johannamortberg.se\/blogg\/wp-json\/wp\/v2\/types\/post"}],"author":[{"embeddable":true,"href":"http:\/\/johannamortberg.se\/blogg\/wp-json\/wp\/v2\/users\/1"}],"replies":[{"embeddable":true,"href":"http:\/\/johannamortberg.se\/blogg\/wp-json\/wp\/v2\/comments?post=5320"}],"version-history":[{"count":1,"href":"http:\/\/johannamortberg.se\/blogg\/wp-json\/wp\/v2\/posts\/5320\/revisions"}],"predecessor-version":[{"id":5322,"href":"http:\/\/johannamortberg.se\/blogg\/wp-json\/wp\/v2\/posts\/5320\/revisions\/5322"}],"wp:attachment":[{"href":"http:\/\/johannamortberg.se\/blogg\/wp-json\/wp\/v2\/media?parent=5320"}],"wp:term":[{"taxonomy":"category","embeddable":true,"href":"http:\/\/johannamortberg.se\/blogg\/wp-json\/wp\/v2\/categories?post=5320"},{"taxonomy":"post_tag","embeddable":true,"href":"http:\/\/johannamortberg.se\/blogg\/wp-json\/wp\/v2\/tags?post=5320"}],"curies":[{"name":"wp","href":"https:\/\/api.w.org\/{rel}","templated":true}]}}