{"id":3905,"date":"2011-09-28T10:29:08","date_gmt":"2011-09-28T08:29:08","guid":{"rendered":"http:\/\/johannamortberg.se\/blogg\/?p=3905"},"modified":"2011-09-29T13:13:49","modified_gmt":"2011-09-29T11:13:49","slug":"bildsnack","status":"publish","type":"post","link":"http:\/\/johannamortberg.se\/blogg\/2011\/09\/28\/bildsnack\/","title":{"rendered":"Bildsnack"},"content":{"rendered":"<p><a href=\"http:\/\/johannamortberg.se\/blogg\/files\/2011\/09\/20110927_kl2344w.jpg\"><img loading=\"lazy\" decoding=\"async\" class=\"alignnone size-medium wp-image-3909\" title=\"20110927_kl2344w\" src=\"http:\/\/johannamortberg.se\/blogg\/files\/2011\/09\/20110927_kl2344w-300x300.jpg\" alt=\"\" width=\"300\" height=\"300\" srcset=\"http:\/\/johannamortberg.se\/blogg\/files\/2011\/09\/20110927_kl2344w-300x300.jpg 300w, http:\/\/johannamortberg.se\/blogg\/files\/2011\/09\/20110927_kl2344w-150x150.jpg 150w, http:\/\/johannamortberg.se\/blogg\/files\/2011\/09\/20110927_kl2344w.jpg 600w\" sizes=\"auto, (max-width: 300px) 100vw, 300px\" \/><\/a> Efter en l\u00e5ng sommar med en hel del jobb och ganska lite fotograferande hade jag i g\u00e5r en tr\u00e4ff med fyra av mina GFU-kamrater f\u00f6r att r\u00e5da bot p\u00e5 bildtorkan. Vi tr\u00e4ffades, visade bilder, snackade foto och tekniska l\u00f6sningar p\u00e5 krogen Stockholm vid Centralen.<\/p>\n<p>Det var superkul och v\u00e4ldigt sk\u00f6nt att tr\u00e4ffa gamla goda fotov\u00e4nner. Samtalet var mycket inspirerande och peppande, suget efter att pl\u00e5ta kom tillbaka med stor kraft och det k\u00e4nns v\u00e4ldigt motiverande. Vi ska f\u00f6rs\u00f6ka tr\u00e4ffas en g\u00e5ng i m\u00e5naden och ber\u00e4tta om s\u00e5nt vi h\u00e5ller p\u00e5 med, blivande projekt och s\u00e5 klart visa bilder f\u00f6r varandra.<\/p>\n<p>Jag kan knappt b\u00e4rga mig till n\u00e4sta g\u00e5ng! \ud83d\ude00<\/p>\n<p>Och det ska s\u00e5 klart bli lite b\u00e4ttre med uppdaterandet h\u00e4r, det \u00e4r en hel del av sommarens bilder som inte kommit upp h\u00e4r. Men det \u00e4r p\u00e5 G.<\/p>\n","protected":false},"excerpt":{"rendered":"<p>Efter en l\u00e5ng sommar med en hel del jobb och ganska lite fotograferande hade jag i g\u00e5r en tr\u00e4ff med fyra av mina GFU-kamrater f\u00f6r att r\u00e5da bot p\u00e5 bildtorkan. Vi tr\u00e4ffades, visade bilder, snackade foto och tekniska l\u00f6sningar p\u00e5 krogen Stockholm vid Centralen. Det var superkul och v\u00e4ldigt sk\u00f6nt att tr\u00e4ffa gamla goda fotov\u00e4nner. [&hellip;]<\/p>\n","protected":false},"author":1,"featured_media":0,"comment_status":"open","ping_status":"open","sticky":false,"template":"","format":"standard","meta":{"ngg_post_thumbnail":0,"footnotes":""},"categories":[26],"tags":[58,568],"class_list":["post-3905","post","type-post","status-publish","format-standard","hentry","category-fotografering","tag-stockholm","tag-t-centralen"],"_links":{"self":[{"href":"http:\/\/johannamortberg.se\/blogg\/wp-json\/wp\/v2\/posts\/3905","targetHints":{"allow":["GET"]}}],"collection":[{"href":"http:\/\/johannamortberg.se\/blogg\/wp-json\/wp\/v2\/posts"}],"about":[{"href":"http:\/\/johannamortberg.se\/blogg\/wp-json\/wp\/v2\/types\/post"}],"author":[{"embeddable":true,"href":"http:\/\/johannamortberg.se\/blogg\/wp-json\/wp\/v2\/users\/1"}],"replies":[{"embeddable":true,"href":"http:\/\/johannamortberg.se\/blogg\/wp-json\/wp\/v2\/comments?post=3905"}],"version-history":[{"count":5,"href":"http:\/\/johannamortberg.se\/blogg\/wp-json\/wp\/v2\/posts\/3905\/revisions"}],"predecessor-version":[{"id":3910,"href":"http:\/\/johannamortberg.se\/blogg\/wp-json\/wp\/v2\/posts\/3905\/revisions\/3910"}],"wp:attachment":[{"href":"http:\/\/johannamortberg.se\/blogg\/wp-json\/wp\/v2\/media?parent=3905"}],"wp:term":[{"taxonomy":"category","embeddable":true,"href":"http:\/\/johannamortberg.se\/blogg\/wp-json\/wp\/v2\/categories?post=3905"},{"taxonomy":"post_tag","embeddable":true,"href":"http:\/\/johannamortberg.se\/blogg\/wp-json\/wp\/v2\/tags?post=3905"}],"curies":[{"name":"wp","href":"https:\/\/api.w.org\/{rel}","templated":true}]}}