{"id":3833,"date":"2011-05-19T23:14:42","date_gmt":"2011-05-19T21:14:42","guid":{"rendered":"http:\/\/johannamortberg.se\/blogg\/?p=3833"},"modified":"2011-05-20T17:16:36","modified_gmt":"2011-05-20T15:16:36","slug":"fotofest-i-gryningen","status":"publish","type":"post","link":"http:\/\/johannamortberg.se\/blogg\/2011\/05\/19\/fotofest-i-gryningen\/","title":{"rendered":"Fotofest i gryningen"},"content":{"rendered":"<p><a href=\"http:\/\/johannamortberg.se\/blogg\/files\/2011\/05\/20110520_kl0424w.jpg\"><img loading=\"lazy\" decoding=\"async\" class=\"alignnone size-medium wp-image-3834\" title=\"20110520_kl0424w\" src=\"http:\/\/johannamortberg.se\/blogg\/files\/2011\/05\/20110520_kl0424w-300x200.jpg\" alt=\"\" width=\"300\" height=\"200\" srcset=\"http:\/\/johannamortberg.se\/blogg\/files\/2011\/05\/20110520_kl0424w-300x200.jpg 300w, http:\/\/johannamortberg.se\/blogg\/files\/2011\/05\/20110520_kl0424w.jpg 600w\" sizes=\"auto, (max-width: 300px) 100vw, 300px\" \/><\/a>I dag \u00e5kte jag p\u00e5 mini\u00e5tertr\u00e4ff med n\u00e5gra av mina fotov\u00e4nner. Vi drog ut i sk\u00e4rg\u00e5rden till det lantst\u00e4lle som C och S familj har. Det blev ett h\u00e4ndelserikt dygn d\u00e4r vi hann med allt fr\u00e5n b\u00e5t\u00e5kning i sk\u00e4rg\u00e5rden, landstigning p\u00e5 \u00f6, fotografering, lunch, drinkar, mer fotografering, bastubad med tillh\u00f6rande sj\u00f6dopp (\u00e5rets f\u00f6rsta), grillning och s\u00e5 sm\u00e5ning om gryningstur med b\u00e5ten, mer fotografering och havs\u00f6rnssk\u00e5dning. En helt grym upplevelse!<\/p>\n<p>Det blev ju en del bilder tagna, men h\u00e4r \u00e4r en f\u00f6rsta bild, en \u00f6 med skarvar som havs\u00f6rnen frekventerade i jakt p\u00e5 frukost. Vi steg upp klockan 03.45 och var ute till 05-tiden. Det var bl\u00e5sigt, men vackert, skimrande soluppg\u00e5ng, f\u00e5glar och bara h\u00e4rligt.<\/p>\n","protected":false},"excerpt":{"rendered":"<p>I dag \u00e5kte jag p\u00e5 mini\u00e5tertr\u00e4ff med n\u00e5gra av mina fotov\u00e4nner. Vi drog ut i sk\u00e4rg\u00e5rden till det lantst\u00e4lle som C och S familj har. Det blev ett h\u00e4ndelserikt dygn d\u00e4r vi hann med allt fr\u00e5n b\u00e5t\u00e5kning i sk\u00e4rg\u00e5rden, landstigning p\u00e5 \u00f6, fotografering, lunch, drinkar, mer fotografering, bastubad med tillh\u00f6rande sj\u00f6dopp (\u00e5rets f\u00f6rsta), grillning och [&hellip;]<\/p>\n","protected":false},"author":1,"featured_media":0,"comment_status":"open","ping_status":"open","sticky":false,"template":"","format":"standard","meta":{"ngg_post_thumbnail":0,"footnotes":""},"categories":[26],"tags":[648],"class_list":["post-3833","post","type-post","status-publish","format-standard","hentry","category-fotografering","tag-skargarden"],"_links":{"self":[{"href":"http:\/\/johannamortberg.se\/blogg\/wp-json\/wp\/v2\/posts\/3833","targetHints":{"allow":["GET"]}}],"collection":[{"href":"http:\/\/johannamortberg.se\/blogg\/wp-json\/wp\/v2\/posts"}],"about":[{"href":"http:\/\/johannamortberg.se\/blogg\/wp-json\/wp\/v2\/types\/post"}],"author":[{"embeddable":true,"href":"http:\/\/johannamortberg.se\/blogg\/wp-json\/wp\/v2\/users\/1"}],"replies":[{"embeddable":true,"href":"http:\/\/johannamortberg.se\/blogg\/wp-json\/wp\/v2\/comments?post=3833"}],"version-history":[{"count":4,"href":"http:\/\/johannamortberg.se\/blogg\/wp-json\/wp\/v2\/posts\/3833\/revisions"}],"predecessor-version":[{"id":3838,"href":"http:\/\/johannamortberg.se\/blogg\/wp-json\/wp\/v2\/posts\/3833\/revisions\/3838"}],"wp:attachment":[{"href":"http:\/\/johannamortberg.se\/blogg\/wp-json\/wp\/v2\/media?parent=3833"}],"wp:term":[{"taxonomy":"category","embeddable":true,"href":"http:\/\/johannamortberg.se\/blogg\/wp-json\/wp\/v2\/categories?post=3833"},{"taxonomy":"post_tag","embeddable":true,"href":"http:\/\/johannamortberg.se\/blogg\/wp-json\/wp\/v2\/tags?post=3833"}],"curies":[{"name":"wp","href":"https:\/\/api.w.org\/{rel}","templated":true}]}}