{"id":2675,"date":"2009-12-07T17:22:45","date_gmt":"2009-12-07T16:22:45","guid":{"rendered":"http:\/\/www.johannamortberg.se\/blogg\/?p=2675"},"modified":"2009-12-10T17:29:20","modified_gmt":"2009-12-10T16:29:20","slug":"snart-ar-det-visst-jul-igen","status":"publish","type":"post","link":"http:\/\/johannamortberg.se\/blogg\/2009\/12\/07\/snart-ar-det-visst-jul-igen\/","title":{"rendered":"Snart \u00e4r det visst jul igen"},"content":{"rendered":"<p><img loading=\"lazy\" decoding=\"async\" class=\"alignnone size-medium wp-image-2676\" title=\"20091207_kl1436w\" src=\"http:\/\/www.johannamortberg.se\/blogg\/files\/2009\/12\/20091207_kl1436w-200x300.jpg\" alt=\"20091207_kl1436w\" width=\"200\" height=\"300\" srcset=\"http:\/\/johannamortberg.se\/blogg\/files\/2009\/12\/20091207_kl1436w-200x300.jpg 200w, http:\/\/johannamortberg.se\/blogg\/files\/2009\/12\/20091207_kl1436w.jpg 400w\" sizes=\"auto, (max-width: 200px) 100vw, 200px\" \/>Jag g\u00e5r p\u00e5 stan och sl\u00e5s av att det \u00e4r julpyntat \u00f6verallt. P\u00e5 Drottningggatan, Hamngatan, Biblioteksgatan och Kungsgator \u00e4r det massor med lampor. Utanf\u00f6r NK:s skyltf\u00f6nstrer tr\u00e4ngs tre generationer f\u00f6r att kika p\u00e5 dockorna.<\/p>\n<p>Det h\u00e4r \u00e5ret \u00e4r det djurtema, en vinterskog, en sj\u00f6strand och ett ombonat &#8221;hem&#8221;. Juligt s\u00e5 det f\u00f6rsl\u00e5r, men jag har inte minsta julst\u00e4mning.<\/p>\n<p>Kanske beror det p\u00e5 att temperaturen h\u00e5ller sig mellan 5 och 10 plusgrader och att det egentligen inte kommit n\u00e5gon sn\u00f6 ens. Det k\u00e4nns lika gr\u00e5tt och sm\u00e5regnigt som en vanlig oktoberdag, vilken som helst. Skumt.<\/p>\n","protected":false},"excerpt":{"rendered":"<p>Jag g\u00e5r p\u00e5 stan och sl\u00e5s av att det \u00e4r julpyntat \u00f6verallt. P\u00e5 Drottningggatan, Hamngatan, Biblioteksgatan och Kungsgator \u00e4r det massor med lampor. Utanf\u00f6r NK:s skyltf\u00f6nstrer tr\u00e4ngs tre generationer f\u00f6r att kika p\u00e5 dockorna. Det h\u00e4r \u00e5ret \u00e4r det djurtema, en vinterskog, en sj\u00f6strand och ett ombonat &#8221;hem&#8221;. Juligt s\u00e5 det f\u00f6rsl\u00e5r, men jag har [&hellip;]<\/p>\n","protected":false},"author":1,"featured_media":0,"comment_status":"open","ping_status":"open","sticky":false,"template":"","format":"standard","meta":{"ngg_post_thumbnail":0,"footnotes":""},"categories":[31],"tags":[590,591],"class_list":["post-2675","post","type-post","status-publish","format-standard","hentry","category-promenad","tag-biblioteksgatan","tag-julstamning"],"_links":{"self":[{"href":"http:\/\/johannamortberg.se\/blogg\/wp-json\/wp\/v2\/posts\/2675","targetHints":{"allow":["GET"]}}],"collection":[{"href":"http:\/\/johannamortberg.se\/blogg\/wp-json\/wp\/v2\/posts"}],"about":[{"href":"http:\/\/johannamortberg.se\/blogg\/wp-json\/wp\/v2\/types\/post"}],"author":[{"embeddable":true,"href":"http:\/\/johannamortberg.se\/blogg\/wp-json\/wp\/v2\/users\/1"}],"replies":[{"embeddable":true,"href":"http:\/\/johannamortberg.se\/blogg\/wp-json\/wp\/v2\/comments?post=2675"}],"version-history":[{"count":7,"href":"http:\/\/johannamortberg.se\/blogg\/wp-json\/wp\/v2\/posts\/2675\/revisions"}],"predecessor-version":[{"id":2683,"href":"http:\/\/johannamortberg.se\/blogg\/wp-json\/wp\/v2\/posts\/2675\/revisions\/2683"}],"wp:attachment":[{"href":"http:\/\/johannamortberg.se\/blogg\/wp-json\/wp\/v2\/media?parent=2675"}],"wp:term":[{"taxonomy":"category","embeddable":true,"href":"http:\/\/johannamortberg.se\/blogg\/wp-json\/wp\/v2\/categories?post=2675"},{"taxonomy":"post_tag","embeddable":true,"href":"http:\/\/johannamortberg.se\/blogg\/wp-json\/wp\/v2\/tags?post=2675"}],"curies":[{"name":"wp","href":"https:\/\/api.w.org\/{rel}","templated":true}]}}