{"id":2506,"date":"2009-11-10T21:58:19","date_gmt":"2009-11-10T20:58:19","guid":{"rendered":"http:\/\/www.johannamortberg.se\/blogg\/?p=2506"},"modified":"2009-11-12T00:01:19","modified_gmt":"2009-11-11T23:01:19","slug":"fullt-upp-med-annat-an-foto","status":"publish","type":"post","link":"http:\/\/johannamortberg.se\/blogg\/2009\/11\/10\/fullt-upp-med-annat-an-foto\/","title":{"rendered":"Fullt upp med annat \u00e4n foto"},"content":{"rendered":"<p><img loading=\"lazy\" decoding=\"async\" class=\"alignnone size-medium wp-image-2507\" title=\"20091110_kl1710w\" src=\"http:\/\/www.johannamortberg.se\/blogg\/files\/2009\/11\/20091110_kl1710w-300x200.jpg\" alt=\"20091110_kl1710w\" width=\"300\" height=\"200\" srcset=\"http:\/\/johannamortberg.se\/blogg\/files\/2009\/11\/20091110_kl1710w-300x200.jpg 300w, http:\/\/johannamortberg.se\/blogg\/files\/2009\/11\/20091110_kl1710w.jpg 600w\" sizes=\"auto, (max-width: 300px) 100vw, 300px\" \/>Full dag p\u00e5 jobbet, d\u00e4refter hem och sedan en tur i l\u00f6parsp\u00e5ret. Inget kr\u00e5ngel. Efter fotohelgen p\u00e5 Gotland ser det helt annorlunda ut med pl\u00e5tandet, det blir lite som det kommer, lite som man har tid. Och det \u00e4r inte s\u00e5 mycket som n\u00e4r man har en hel dag vikt \u00e5t kameran. Det blir ett sj\u00e4lvportr\u00e4tt med r\u00f6relseosk\u00e4rpa.<\/p>\n","protected":false},"excerpt":{"rendered":"<p>Full dag p\u00e5 jobbet, d\u00e4refter hem och sedan en tur i l\u00f6parsp\u00e5ret. Inget kr\u00e5ngel. Efter fotohelgen p\u00e5 Gotland ser det helt annorlunda ut med pl\u00e5tandet, det blir lite som det kommer, lite som man har tid. Och det \u00e4r inte s\u00e5 mycket som n\u00e4r man har en hel dag vikt \u00e5t kameran. Det blir ett [&hellip;]<\/p>\n","protected":false},"author":1,"featured_media":0,"comment_status":"open","ping_status":"open","sticky":false,"template":"","format":"standard","meta":{"ngg_post_thumbnail":0,"footnotes":""},"categories":[26],"tags":[92],"class_list":["post-2506","post","type-post","status-publish","format-standard","hentry","category-fotografering","tag-sjalvportratt"],"_links":{"self":[{"href":"http:\/\/johannamortberg.se\/blogg\/wp-json\/wp\/v2\/posts\/2506","targetHints":{"allow":["GET"]}}],"collection":[{"href":"http:\/\/johannamortberg.se\/blogg\/wp-json\/wp\/v2\/posts"}],"about":[{"href":"http:\/\/johannamortberg.se\/blogg\/wp-json\/wp\/v2\/types\/post"}],"author":[{"embeddable":true,"href":"http:\/\/johannamortberg.se\/blogg\/wp-json\/wp\/v2\/users\/1"}],"replies":[{"embeddable":true,"href":"http:\/\/johannamortberg.se\/blogg\/wp-json\/wp\/v2\/comments?post=2506"}],"version-history":[{"count":3,"href":"http:\/\/johannamortberg.se\/blogg\/wp-json\/wp\/v2\/posts\/2506\/revisions"}],"predecessor-version":[{"id":2510,"href":"http:\/\/johannamortberg.se\/blogg\/wp-json\/wp\/v2\/posts\/2506\/revisions\/2510"}],"wp:attachment":[{"href":"http:\/\/johannamortberg.se\/blogg\/wp-json\/wp\/v2\/media?parent=2506"}],"wp:term":[{"taxonomy":"category","embeddable":true,"href":"http:\/\/johannamortberg.se\/blogg\/wp-json\/wp\/v2\/categories?post=2506"},{"taxonomy":"post_tag","embeddable":true,"href":"http:\/\/johannamortberg.se\/blogg\/wp-json\/wp\/v2\/tags?post=2506"}],"curies":[{"name":"wp","href":"https:\/\/api.w.org\/{rel}","templated":true}]}}