{"id":1312,"date":"2009-05-29T23:50:56","date_gmt":"2009-05-29T21:50:56","guid":{"rendered":"http:\/\/www.johannamortberg.se\/blogg\/?p=1312"},"modified":"2009-05-31T21:07:21","modified_gmt":"2009-05-31T19:07:21","slug":"avslutningsmiddag-pa-japanskt-vis","status":"publish","type":"post","link":"http:\/\/johannamortberg.se\/blogg\/2009\/05\/29\/avslutningsmiddag-pa-japanskt-vis\/","title":{"rendered":"Avslutningsmiddag p\u00e5 japanskt vis"},"content":{"rendered":"<p><img loading=\"lazy\" decoding=\"async\" class=\"alignnone size-medium wp-image-1314\" title=\"20090529_kl1954w\" src=\"http:\/\/www.johannamortberg.se\/blogg\/files\/2009\/05\/20090529_kl1954w-300x300.jpg\" alt=\"20090529_kl1954w\" width=\"300\" height=\"300\" \/>Ig\u00e5r slutade karateterminen, men i dag var det dags f\u00f6r avslutningsmiddag. Vi tr\u00e4ffades klockan 19 p\u00e5 Sveav\u00e4gen 105 och restaurangen Kokyo.<\/p>\n<p>Det blev v\u00e4ldigt trevligt, vi \u00e5t god mat, pratade och sj\u00f6ng karaoke.<\/p>\n<p>Sensei delade ocks\u00e5 ut diplom till J som graderat till Shodan. En fin prestation, verkligen, hon \u00e4r j\u00e4tteduktig och verkligen f\u00f6rtj\u00e4nt av \u00e4ran.<\/p>\n<p>S\u00e5 nu \u00e4r vi tv\u00e5 tjejer i klubben som har svart! Men vi l\u00e4r nog snart bli flera, det \u00e4r flera som har f\u00f6rsta kyu. Det g\u00e4ller bara att f\u00e5 de andra att gradera ocks\u00e5.<\/p>\n<p>Det \u00e4r en liten m\u00e4rklig situation i klubben f\u00f6r vi \u00e4r n\u00e4stan flest brun- och svartb\u00e4lten p\u00e5 tr\u00e4ningarna nuf\u00f6rtiden. Roligt, visst, men det \u00e4r nog dags att v\u00e4rva nyb\u00f6rjare med andra ord&#8230;<\/p>\n<p>N\u00e5v\u00e4l, kv\u00e4llen blev trevlig och l\u00e5ng, senser, T, J och jag sj\u00e4lv avrundade med en kaffe p\u00e5 Bistro Boh&#8217;e8me innan det var tid att \u00e5ka hem.<\/p>\n<p><img loading=\"lazy\" decoding=\"async\" class=\"alignnone size-medium wp-image-1315\" title=\"20090529_kl2133w\" src=\"http:\/\/www.johannamortberg.se\/blogg\/files\/2009\/05\/20090529_kl2133w-300x168.jpg\" alt=\"20090529_kl2133w\" width=\"300\" height=\"168\" \/><\/p>\n","protected":false},"excerpt":{"rendered":"<p>Ig\u00e5r slutade karateterminen, men i dag var det dags f\u00f6r avslutningsmiddag. Vi tr\u00e4ffades klockan 19 p\u00e5 Sveav\u00e4gen 105 och restaurangen Kokyo. Det blev v\u00e4ldigt trevligt, vi \u00e5t god mat, pratade och sj\u00f6ng karaoke. Sensei delade ocks\u00e5 ut diplom till J som graderat till Shodan. En fin prestation, verkligen, hon \u00e4r j\u00e4tteduktig och verkligen f\u00f6rtj\u00e4nt av [&hellip;]<\/p>\n","protected":false},"author":1,"featured_media":0,"comment_status":"open","ping_status":"open","sticky":false,"template":"","format":"standard","meta":{"ngg_post_thumbnail":0,"footnotes":""},"categories":[235,48],"tags":[398,397,396],"class_list":["post-1312","post","type-post","status-publish","format-standard","hentry","category-karate","category-mat","tag-japansk-mat","tag-kokyo","tag-sveavagen"],"_links":{"self":[{"href":"http:\/\/johannamortberg.se\/blogg\/wp-json\/wp\/v2\/posts\/1312","targetHints":{"allow":["GET"]}}],"collection":[{"href":"http:\/\/johannamortberg.se\/blogg\/wp-json\/wp\/v2\/posts"}],"about":[{"href":"http:\/\/johannamortberg.se\/blogg\/wp-json\/wp\/v2\/types\/post"}],"author":[{"embeddable":true,"href":"http:\/\/johannamortberg.se\/blogg\/wp-json\/wp\/v2\/users\/1"}],"replies":[{"embeddable":true,"href":"http:\/\/johannamortberg.se\/blogg\/wp-json\/wp\/v2\/comments?post=1312"}],"version-history":[{"count":14,"href":"http:\/\/johannamortberg.se\/blogg\/wp-json\/wp\/v2\/posts\/1312\/revisions"}],"predecessor-version":[{"id":1328,"href":"http:\/\/johannamortberg.se\/blogg\/wp-json\/wp\/v2\/posts\/1312\/revisions\/1328"}],"wp:attachment":[{"href":"http:\/\/johannamortberg.se\/blogg\/wp-json\/wp\/v2\/media?parent=1312"}],"wp:term":[{"taxonomy":"category","embeddable":true,"href":"http:\/\/johannamortberg.se\/blogg\/wp-json\/wp\/v2\/categories?post=1312"},{"taxonomy":"post_tag","embeddable":true,"href":"http:\/\/johannamortberg.se\/blogg\/wp-json\/wp\/v2\/tags?post=1312"}],"curies":[{"name":"wp","href":"https:\/\/api.w.org\/{rel}","templated":true}]}}