{"id":1217,"date":"2009-05-15T22:00:10","date_gmt":"2009-05-15T20:00:10","guid":{"rendered":"http:\/\/www.johannamortberg.se\/blogg\/?p=1217"},"modified":"2009-05-15T22:00:10","modified_gmt":"2009-05-15T20:00:10","slug":"dagen-efter","status":"publish","type":"post","link":"http:\/\/johannamortberg.se\/blogg\/2009\/05\/15\/dagen-efter\/","title":{"rendered":"Dagen efter"},"content":{"rendered":"<p><a href=\"http:\/\/www.johannamortberg.se\/blogg\/files\/2009\/05\/20090515_kl1656w.jpg\"><img loading=\"lazy\" decoding=\"async\" class=\"alignnone size-medium wp-image-1219\" title=\"20090515_kl1656w\" src=\"http:\/\/www.johannamortberg.se\/blogg\/files\/2009\/05\/20090515_kl1656w-225x300.jpg\" alt=\"\" width=\"225\" height=\"300\" \/><\/a><\/p>\n<p>Det blev ganska sent p\u00e5 vernissaget ig\u00e5r, jag var v\u00e4l hemma fram\u00e5t halv tv\u00e5 p\u00e5 natten. Det var lite segt att komma upp p\u00e5 morgonen eftersom det inte blev s\u00e5 mycket s\u00f6mn, men det tog sig n\u00e4r jag v\u00e4l kom till jobbet. Jag pysslade med webben, gjorde n\u00e5gra internannonser f\u00f6r n\u00e5gra t\u00e4vlingar vi ska ha i tidningen och s\u00e5g till att ta igen s\u00e5dant jag var efter med.<\/p>\n<p>Det var trevligt att t\u00e4nka tillbaka p\u00e5 g\u00e5rdagen, men ocks\u00e5 ganska tomt. Insikten att det faktiskt inte blir n\u00e5got mer GFU-pluggande var ganska tung. Jag saknar klasskompisarna redan! Nu kommer ju den sv\u00e5raste utmaningen att f\u00f6rs\u00f6ka h\u00e5lla greppet och inte tappa motivation, teknik eller handlag. Det \u00e4r bara att ligga i. Mitt fr\u00e4msta m\u00e5l \u00e4r att f\u00f6rs\u00f6ka g\u00f6ra fotobok av karateprojektet, det finns intresse fr\u00e5n klubben s\u00e5 jag ska absolut g\u00e5 vidare med det.<\/p>\n","protected":false},"excerpt":{"rendered":"<p>Det blev ganska sent p\u00e5 vernissaget ig\u00e5r, jag var v\u00e4l hemma fram\u00e5t halv tv\u00e5 p\u00e5 natten. Det var lite segt att komma upp p\u00e5 morgonen eftersom det inte blev s\u00e5 mycket s\u00f6mn, men det tog sig n\u00e4r jag v\u00e4l kom till jobbet. Jag pysslade med webben, gjorde n\u00e5gra internannonser f\u00f6r n\u00e5gra t\u00e4vlingar vi ska ha [&hellip;]<\/p>\n","protected":false},"author":1,"featured_media":0,"comment_status":"open","ping_status":"open","sticky":false,"template":"","format":"standard","meta":{"ngg_post_thumbnail":0,"footnotes":""},"categories":[26,60],"tags":[],"class_list":["post-1217","post","type-post","status-publish","format-standard","hentry","category-fotografering","category-jobb"],"_links":{"self":[{"href":"http:\/\/johannamortberg.se\/blogg\/wp-json\/wp\/v2\/posts\/1217","targetHints":{"allow":["GET"]}}],"collection":[{"href":"http:\/\/johannamortberg.se\/blogg\/wp-json\/wp\/v2\/posts"}],"about":[{"href":"http:\/\/johannamortberg.se\/blogg\/wp-json\/wp\/v2\/types\/post"}],"author":[{"embeddable":true,"href":"http:\/\/johannamortberg.se\/blogg\/wp-json\/wp\/v2\/users\/1"}],"replies":[{"embeddable":true,"href":"http:\/\/johannamortberg.se\/blogg\/wp-json\/wp\/v2\/comments?post=1217"}],"version-history":[{"count":3,"href":"http:\/\/johannamortberg.se\/blogg\/wp-json\/wp\/v2\/posts\/1217\/revisions"}],"predecessor-version":[{"id":1221,"href":"http:\/\/johannamortberg.se\/blogg\/wp-json\/wp\/v2\/posts\/1217\/revisions\/1221"}],"wp:attachment":[{"href":"http:\/\/johannamortberg.se\/blogg\/wp-json\/wp\/v2\/media?parent=1217"}],"wp:term":[{"taxonomy":"category","embeddable":true,"href":"http:\/\/johannamortberg.se\/blogg\/wp-json\/wp\/v2\/categories?post=1217"},{"taxonomy":"post_tag","embeddable":true,"href":"http:\/\/johannamortberg.se\/blogg\/wp-json\/wp\/v2\/tags?post=1217"}],"curies":[{"name":"wp","href":"https:\/\/api.w.org\/{rel}","templated":true}]}}