{"id":1111,"date":"2009-04-30T18:45:43","date_gmt":"2009-04-30T16:45:43","guid":{"rendered":"http:\/\/www.johannamortberg.se\/blogg\/?p=1111"},"modified":"2009-04-30T18:45:43","modified_gmt":"2009-04-30T16:45:43","slug":"ramarna-fixade","status":"publish","type":"post","link":"http:\/\/johannamortberg.se\/blogg\/2009\/04\/30\/ramarna-fixade\/","title":{"rendered":"Ramarna fixade!"},"content":{"rendered":"<p><a href=\"http:\/\/www.johannamortberg.se\/blogg\/files\/2009\/04\/20090430_kl0819w.jpg\"><img loading=\"lazy\" decoding=\"async\" class=\"alignnone size-medium wp-image-1112\" title=\"20090430_kl0819w\" src=\"http:\/\/www.johannamortberg.se\/blogg\/files\/2009\/04\/20090430_kl0819w-300x225.jpg\" alt=\"\" width=\"300\" height=\"225\" \/><\/a>Idag har jag varit ledig och det var v\u00e4ldigt bra, jag har kunnar r\u00e4nna runt f\u00f6r att f\u00e5 tag p\u00e5 ramarna till mina utst\u00e4llningsbilder. Det blir ju \u00e5tta stycken och det visade sig att de ramarna jag ville ha &#8211; ekramar i 30&#215;40-storlek &#8211; inte fanns i hur m\u00e5nga exemplar som helst.<\/p>\n<p>Eftersom vi f\u00e5tt lite sponsringshj\u00e4lp p\u00e5 Gallerix ville jag ju handla d\u00e4r, men det visade sig att jag fick jaga runt till tre butiker f\u00f6r att f\u00e5 mina ramar. Trevligt nog var butiken i Globengallerian lite billigare, s\u00e5 jag tj\u00e4nade faktiskt n\u00e5gra kronor p\u00e5 ramarna d\u00e4r. \ud83d\ude00<\/p>\n<p>Sedan fick vi veta i dag att Pro Center sponsrar oss med rabatt p\u00e5 v\u00e5ra printar. Det k\u00e4nns j\u00e4ttekul! Tur att jag inte best\u00e4llt n\u00e5gra bilder \u00e4n. Jag m\u00e5ste ju dessutom justera storleken igen s\u00e5 det \u00e4r lite fix kvar, men det g\u00f6r jag i helgen.<\/p>\n","protected":false},"excerpt":{"rendered":"<p>Idag har jag varit ledig och det var v\u00e4ldigt bra, jag har kunnar r\u00e4nna runt f\u00f6r att f\u00e5 tag p\u00e5 ramarna till mina utst\u00e4llningsbilder. Det blir ju \u00e5tta stycken och det visade sig att de ramarna jag ville ha &#8211; ekramar i 30&#215;40-storlek &#8211; inte fanns i hur m\u00e5nga exemplar som helst. Eftersom vi f\u00e5tt [&hellip;]<\/p>\n","protected":false},"author":1,"featured_media":0,"comment_status":"open","ping_status":"open","sticky":false,"template":"","format":"standard","meta":{"ngg_post_thumbnail":0,"footnotes":""},"categories":[26],"tags":[361,360,362,320],"class_list":["post-1111","post","type-post","status-publish","format-standard","hentry","category-fotografering","tag-gallerix","tag-passepartout","tag-pro-center","tag-ramar"],"_links":{"self":[{"href":"http:\/\/johannamortberg.se\/blogg\/wp-json\/wp\/v2\/posts\/1111","targetHints":{"allow":["GET"]}}],"collection":[{"href":"http:\/\/johannamortberg.se\/blogg\/wp-json\/wp\/v2\/posts"}],"about":[{"href":"http:\/\/johannamortberg.se\/blogg\/wp-json\/wp\/v2\/types\/post"}],"author":[{"embeddable":true,"href":"http:\/\/johannamortberg.se\/blogg\/wp-json\/wp\/v2\/users\/1"}],"replies":[{"embeddable":true,"href":"http:\/\/johannamortberg.se\/blogg\/wp-json\/wp\/v2\/comments?post=1111"}],"version-history":[{"count":3,"href":"http:\/\/johannamortberg.se\/blogg\/wp-json\/wp\/v2\/posts\/1111\/revisions"}],"predecessor-version":[{"id":1115,"href":"http:\/\/johannamortberg.se\/blogg\/wp-json\/wp\/v2\/posts\/1111\/revisions\/1115"}],"wp:attachment":[{"href":"http:\/\/johannamortberg.se\/blogg\/wp-json\/wp\/v2\/media?parent=1111"}],"wp:term":[{"taxonomy":"category","embeddable":true,"href":"http:\/\/johannamortberg.se\/blogg\/wp-json\/wp\/v2\/categories?post=1111"},{"taxonomy":"post_tag","embeddable":true,"href":"http:\/\/johannamortberg.se\/blogg\/wp-json\/wp\/v2\/tags?post=1111"}],"curies":[{"name":"wp","href":"https:\/\/api.w.org\/{rel}","templated":true}]}}