{"id":1019,"date":"2009-04-15T21:45:07","date_gmt":"2009-04-15T19:45:07","guid":{"rendered":"http:\/\/www.johannamortberg.se\/blogg\/?p=1019"},"modified":"2010-07-16T13:51:43","modified_gmt":"2010-07-16T11:51:43","slug":"peppad-for-utstallning","status":"publish","type":"post","link":"http:\/\/johannamortberg.se\/blogg\/2009\/04\/15\/peppad-for-utstallning\/","title":{"rendered":"Peppad f\u00f6r utst\u00e4llning"},"content":{"rendered":"<p><a href=\"http:\/\/www.johannamortberg.se\/blogg\/files\/2009\/04\/20090415_kl1848w.jpg\"><img loading=\"lazy\" decoding=\"async\" class=\"alignnone size-medium wp-image-1020\" title=\"20090415_kl1848w\" src=\"http:\/\/www.johannamortberg.se\/blogg\/files\/2009\/04\/20090415_kl1848w-200x300.jpg\" alt=\"\" width=\"200\" height=\"300\" \/><\/a>Den h\u00e4r dagen har rullat p\u00e5 som vanligt, jobb och jobb och d\u00e4refter ett m\u00f6te p\u00e5 skolan d\u00e4r vi skulle diskutera v\u00e5r utst\u00e4llning. Vi fick bes\u00f6k av Sara Arnald som ber\u00e4ttade hur hon och hennes d\u00e5varande klasskompisar g\u00e5tt till v\u00e4ga n\u00e4r Fotoskolan hade utst\u00e4llning i huset f\u00f6r ungef\u00e4r tv\u00e5 \u00e5r sedan.<\/p>\n<p>Det var kul, vi fick massor med bra tips och det var en chans f\u00f6r oss i de tre klasserna att snacka med varandra. Okej, vi som var d\u00e4r kanske ska till\u00e4ggas. Vi var bara nio pers av ungef\u00e4r 40 s\u00e5 det var v\u00e4l inte v\u00e4rldens b\u00e4sta uppslutning, men vi som var d\u00e4r f\u00e5r f\u00f6rmedla till v\u00e5ra kamrater. Det g\u00e5r det med!<\/p>\n<p>Men kontentan f\u00f6r mig var att jag k\u00e4nner mig peppad att jobba inf\u00f6r utst\u00e4llningen. Det ska bli j\u00e4tteroligt! \u00c4ven om man s\u00e5 klart \u00e4r stressad, os\u00e4ker p\u00e5 hur m\u00e5nga, i vilken storlek och p\u00e5 vilket s\u00e4tt och allt det d\u00e4r, men det ordnar sig.<\/p>\n","protected":false},"excerpt":{"rendered":"<p>Den h\u00e4r dagen har rullat p\u00e5 som vanligt, jobb och jobb och d\u00e4refter ett m\u00f6te p\u00e5 skolan d\u00e4r vi skulle diskutera v\u00e5r utst\u00e4llning. Vi fick bes\u00f6k av Sara Arnald som ber\u00e4ttade hur hon och hennes d\u00e5varande klasskompisar g\u00e5tt till v\u00e4ga n\u00e4r Fotoskolan hade utst\u00e4llning i huset f\u00f6r ungef\u00e4r tv\u00e5 \u00e5r sedan. Det var kul, vi [&hellip;]<\/p>\n","protected":false},"author":1,"featured_media":0,"comment_status":"open","ping_status":"open","sticky":false,"template":"","format":"standard","meta":{"ngg_post_thumbnail":0,"footnotes":""},"categories":[26,60],"tags":[76,144],"class_list":["post-1019","post","type-post","status-publish","format-standard","hentry","category-fotografering","category-jobb","tag-gfu","tag-utstallning"],"_links":{"self":[{"href":"http:\/\/johannamortberg.se\/blogg\/wp-json\/wp\/v2\/posts\/1019","targetHints":{"allow":["GET"]}}],"collection":[{"href":"http:\/\/johannamortberg.se\/blogg\/wp-json\/wp\/v2\/posts"}],"about":[{"href":"http:\/\/johannamortberg.se\/blogg\/wp-json\/wp\/v2\/types\/post"}],"author":[{"embeddable":true,"href":"http:\/\/johannamortberg.se\/blogg\/wp-json\/wp\/v2\/users\/1"}],"replies":[{"embeddable":true,"href":"http:\/\/johannamortberg.se\/blogg\/wp-json\/wp\/v2\/comments?post=1019"}],"version-history":[{"count":4,"href":"http:\/\/johannamortberg.se\/blogg\/wp-json\/wp\/v2\/posts\/1019\/revisions"}],"predecessor-version":[{"id":3276,"href":"http:\/\/johannamortberg.se\/blogg\/wp-json\/wp\/v2\/posts\/1019\/revisions\/3276"}],"wp:attachment":[{"href":"http:\/\/johannamortberg.se\/blogg\/wp-json\/wp\/v2\/media?parent=1019"}],"wp:term":[{"taxonomy":"category","embeddable":true,"href":"http:\/\/johannamortberg.se\/blogg\/wp-json\/wp\/v2\/categories?post=1019"},{"taxonomy":"post_tag","embeddable":true,"href":"http:\/\/johannamortberg.se\/blogg\/wp-json\/wp\/v2\/tags?post=1019"}],"curies":[{"name":"wp","href":"https:\/\/api.w.org\/{rel}","templated":true}]}}